{"id":24492,"date":"2022-03-09T13:52:15","date_gmt":"2022-03-09T19:52:15","guid":{"rendered":"https:\/\/encuentroinformativo.com.mx\/?p=24492"},"modified":"2022-03-09T13:52:18","modified_gmt":"2022-03-09T19:52:18","slug":"camioneta-de-semar-impacta-a-automovil-en-alvarado-dos-lesionados","status":"publish","type":"post","link":"https:\/\/encuentroinformativo.com.mx\/?p=24492","title":{"rendered":"Camioneta de SEMAR impacta a autom\u00f3vil en Alvarado; dos lesionados"},"content":{"rendered":"\n<p><strong>Alejandro \u00c1vila<\/strong><\/p>\n\n\n\n<p>Alvarado, Ver.- Una camioneta de la Secretar\u00eda de Marina (SEMAR) impact\u00f3 la ma\u00f1ana de este mi\u00e9rcoles a un veh\u00edculo particular, a la salida de la gasolinera de El Rastro, cerca de la cabecera municipal de Alvarado.<\/p>\n\n\n\n<p>Ver percance Salieron dos mujeres lesionadas, mientras que el conductor del veh\u00edculo tipo Jetta, color rojo, sali\u00f3 ileso.<\/p>\n\n\n\n<p>Los hechos ocurrieron pasadas las 11 de la ma\u00f1ana, y fueron testigos qui\u00e9nes mediante el n\u00famero de emergencia 911, solicitaron el apoyo de las unidades de emergencia.<\/p>\n\n\n\n<p>El veh\u00edculo era conducido por Mois\u00e9s Uscanga de aproximadamente 54 a\u00f1os, y vecino de la colonia Marigalante del municipio de Alvarado, qui\u00e9n viajaba con rumbo a la ciudad de Veracruz; las lesionadas responden al nombre de, Rosa Isela Fern\u00e1ndez y Elsa Mora, de 52 y 65 a\u00f1os, respectivamente, qui\u00e9nes fueron trasladadas a una cl\u00ednica para recibir los servicios m\u00e9dicos.<\/p>\n\n\n\n<p>Al sitio acudieron elementos de Bomberos de Alvarado y Protecci\u00f3n Civil Municipal, para brindar los primeros auxilios a los lesionados tras el percance.<\/p>\n\n\n\n<p>Testigos se\u00f1alan que, la unidad de la Secretar\u00eda de Marina sali\u00f3 a gran velocidad, pues se presume se encontraba en una persecuci\u00f3n.<\/p>\n\n\n\n<figure class=\"wp-block-image size-large\"><img loading=\"lazy\" decoding=\"async\" width=\"1024\" height=\"655\" src=\"https:\/\/encuentroinformativo.com.mx\/wp-content\/uploads\/2022\/03\/4719129F-3517-4E66-9953-8446E6D2DAF9-1024x655.jpeg\" alt=\"\" class=\"wp-image-24494\" srcset=\"https:\/\/encuentroinformativo.com.mx\/wp-content\/uploads\/2022\/03\/4719129F-3517-4E66-9953-8446E6D2DAF9-1024x655.jpeg 1024w, https:\/\/encuentroinformativo.com.mx\/wp-content\/uploads\/2022\/03\/4719129F-3517-4E66-9953-8446E6D2DAF9-300x192.jpeg 300w, https:\/\/encuentroinformativo.com.mx\/wp-content\/uploads\/2022\/03\/4719129F-3517-4E66-9953-8446E6D2DAF9-768x491.jpeg 768w, https:\/\/encuentroinformativo.com.mx\/wp-content\/uploads\/2022\/03\/4719129F-3517-4E66-9953-8446E6D2DAF9-1536x982.jpeg 1536w, https:\/\/encuentroinformativo.com.mx\/wp-content\/uploads\/2022\/03\/4719129F-3517-4E66-9953-8446E6D2DAF9.jpeg 1553w\" sizes=\"auto, (max-width: 1024px) 100vw, 1024px\" \/><\/figure>\n","protected":false},"excerpt":{"rendered":"<p>Alejandro \u00c1vila Alvarado, Ver.- Una camioneta de la Secretar\u00eda de Marina (SEMAR) impact\u00f3 la ma\u00f1ana de este mi\u00e9rcoles a un veh\u00edculo particular, a la salida de la gasolinera de El Rastro, cerca de la cabecera municipal de Alvarado. Ver percance Salieron dos mujeres lesionadas, mientras que el conductor del veh\u00edculo tipo Jetta, color rojo, sali\u00f3 [&hellip;]<\/p>\n","protected":false},"author":1,"featured_media":24493,"comment_status":"open","ping_status":"open","sticky":false,"template":"","format":"standard","meta":{"_jetpack_memberships_contains_paid_content":false,"footnotes":""},"categories":[14],"tags":[],"class_list":["post-24492","post","type-post","status-publish","format-standard","has-post-thumbnail","hentry","category-policiaca"],"jetpack_featured_media_url":"https:\/\/encuentroinformativo.com.mx\/wp-content\/uploads\/2022\/03\/57A1979D-4946-401B-B5CE-34F6407B028B.jpeg","jetpack_sharing_enabled":true,"jetpack_likes_enabled":true,"amp_enabled":true,"_links":{"self":[{"href":"https:\/\/encuentroinformativo.com.mx\/index.php?rest_route=\/wp\/v2\/posts\/24492","targetHints":{"allow":["GET"]}}],"collection":[{"href":"https:\/\/encuentroinformativo.com.mx\/index.php?rest_route=\/wp\/v2\/posts"}],"about":[{"href":"https:\/\/encuentroinformativo.com.mx\/index.php?rest_route=\/wp\/v2\/types\/post"}],"author":[{"embeddable":true,"href":"https:\/\/encuentroinformativo.com.mx\/index.php?rest_route=\/wp\/v2\/users\/1"}],"replies":[{"embeddable":true,"href":"https:\/\/encuentroinformativo.com.mx\/index.php?rest_route=%2Fwp%2Fv2%2Fcomments&post=24492"}],"version-history":[{"count":1,"href":"https:\/\/encuentroinformativo.com.mx\/index.php?rest_route=\/wp\/v2\/posts\/24492\/revisions"}],"predecessor-version":[{"id":24495,"href":"https:\/\/encuentroinformativo.com.mx\/index.php?rest_route=\/wp\/v2\/posts\/24492\/revisions\/24495"}],"wp:featuredmedia":[{"embeddable":true,"href":"https:\/\/encuentroinformativo.com.mx\/index.php?rest_route=\/wp\/v2\/media\/24493"}],"wp:attachment":[{"href":"https:\/\/encuentroinformativo.com.mx\/index.php?rest_route=%2Fwp%2Fv2%2Fmedia&parent=24492"}],"wp:term":[{"taxonomy":"category","embeddable":true,"href":"https:\/\/encuentroinformativo.com.mx\/index.php?rest_route=%2Fwp%2Fv2%2Fcategories&post=24492"},{"taxonomy":"post_tag","embeddable":true,"href":"https:\/\/encuentroinformativo.com.mx\/index.php?rest_route=%2Fwp%2Fv2%2Ftags&post=24492"}],"curies":[{"name":"wp","href":"https:\/\/api.w.org\/{rel}","templated":true}]}}