{"id":24496,"date":"2022-03-09T14:00:31","date_gmt":"2022-03-09T20:00:31","guid":{"rendered":"https:\/\/encuentroinformativo.com.mx\/?p=24496"},"modified":"2022-03-09T14:00:35","modified_gmt":"2022-03-09T20:00:35","slug":"invita-sedema-a-participar-en-reciclon","status":"publish","type":"post","link":"https:\/\/encuentroinformativo.com.mx\/?p=24496","title":{"rendered":"Invita SEDEMA a participar en Recicl\u00f3n"},"content":{"rendered":"\n<p><strong>Dar\u00edo Pale <\/strong><\/p>\n\n\n\n<p>Xalapa, Ver.- El titular de la Secretar\u00eda del Medio Ambiente (SEDEMA), Juan Carlos Contreras Bautista, hizo una invitaci\u00f3n a la ciudadan\u00eda a participar este s\u00e1bado en el <em>Primer Recicl\u00f3n 2022<\/em>, esto gracias a que ya existen las condiciones sanitarias, para realizarlo.<\/p>\n\n\n\n<p>En entrevista dio a conocer que el primero se llevar\u00e1 a cabo este 12 de Marzo frente al Teatro del estado, quien se\u00f1al\u00f3 que este a\u00f1o van a participar 24 municipios de la regi\u00f3n.<\/p>\n\n\n\n<p>\u201cVamos a estar desde las 9 de la ma\u00f1ana hasta las 3 de la tarde y vamos a recibir diversos residuos electr\u00f3nicos, aceite de cocina, pilas, llantas que son principalmente de manejo especial, esos residuos no deber\u00edan llegar a los rellenos sanitarios\u201d, coment\u00f3.<\/p>\n\n\n\n<p>Adem\u00e1s destac\u00f3 que la poblaci\u00f3n puede llevar su pl\u00e1stico, cart\u00f3n, pet, latas de aluminios, papel, vidrios, radiograf\u00edas y medicamentos caducos, por lo que espera que la poblaci\u00f3n participe llevando sus residuos y se les regalar\u00e1 unas plantas.<\/p>\n\n\n\n<p>\u201cUn litro de aceite vegetal de cocina usado puede contaminar hasta mil litros de agua, con esta acci\u00f3n buscamos que no se contamine un mill\u00f3n de litros de agua\u201d, inform\u00f3.<\/p>\n\n\n\n<p>Finalmente explic\u00f3 que este es el primero de 10 Reciclones que realizar\u00e1n en el estado durante el 2022. Participan la Universidad Veracruzana, el ayuntamiento de Xalapa y la iniciativa ambiental Reforestando Cuencas.<\/p>\n","protected":false},"excerpt":{"rendered":"<p>Dar\u00edo Pale Xalapa, Ver.- El titular de la Secretar\u00eda del Medio Ambiente (SEDEMA), Juan Carlos Contreras Bautista, hizo una invitaci\u00f3n a la ciudadan\u00eda a participar este s\u00e1bado en el Primer Recicl\u00f3n 2022, esto gracias a que ya existen las condiciones sanitarias, para realizarlo. En entrevista dio a conocer que el primero se llevar\u00e1 a cabo [&hellip;]<\/p>\n","protected":false},"author":1,"featured_media":24497,"comment_status":"open","ping_status":"open","sticky":false,"template":"","format":"standard","meta":{"_jetpack_memberships_contains_paid_content":false,"footnotes":""},"categories":[3],"tags":[],"class_list":["post-24496","post","type-post","status-publish","format-standard","has-post-thumbnail","hentry","category-xalapa"],"jetpack_featured_media_url":"https:\/\/encuentroinformativo.com.mx\/wp-content\/uploads\/2022\/03\/992C8919-7CC8-449E-AA35-46EC3188B4A4.jpeg","jetpack_sharing_enabled":true,"jetpack_likes_enabled":true,"amp_enabled":true,"_links":{"self":[{"href":"https:\/\/encuentroinformativo.com.mx\/index.php?rest_route=\/wp\/v2\/posts\/24496","targetHints":{"allow":["GET"]}}],"collection":[{"href":"https:\/\/encuentroinformativo.com.mx\/index.php?rest_route=\/wp\/v2\/posts"}],"about":[{"href":"https:\/\/encuentroinformativo.com.mx\/index.php?rest_route=\/wp\/v2\/types\/post"}],"author":[{"embeddable":true,"href":"https:\/\/encuentroinformativo.com.mx\/index.php?rest_route=\/wp\/v2\/users\/1"}],"replies":[{"embeddable":true,"href":"https:\/\/encuentroinformativo.com.mx\/index.php?rest_route=%2Fwp%2Fv2%2Fcomments&post=24496"}],"version-history":[{"count":1,"href":"https:\/\/encuentroinformativo.com.mx\/index.php?rest_route=\/wp\/v2\/posts\/24496\/revisions"}],"predecessor-version":[{"id":24498,"href":"https:\/\/encuentroinformativo.com.mx\/index.php?rest_route=\/wp\/v2\/posts\/24496\/revisions\/24498"}],"wp:featuredmedia":[{"embeddable":true,"href":"https:\/\/encuentroinformativo.com.mx\/index.php?rest_route=\/wp\/v2\/media\/24497"}],"wp:attachment":[{"href":"https:\/\/encuentroinformativo.com.mx\/index.php?rest_route=%2Fwp%2Fv2%2Fmedia&parent=24496"}],"wp:term":[{"taxonomy":"category","embeddable":true,"href":"https:\/\/encuentroinformativo.com.mx\/index.php?rest_route=%2Fwp%2Fv2%2Fcategories&post=24496"},{"taxonomy":"post_tag","embeddable":true,"href":"https:\/\/encuentroinformativo.com.mx\/index.php?rest_route=%2Fwp%2Fv2%2Ftags&post=24496"}],"curies":[{"name":"wp","href":"https:\/\/api.w.org\/{rel}","templated":true}]}}