{"id":24499,"date":"2022-03-09T14:06:29","date_gmt":"2022-03-09T20:06:29","guid":{"rendered":"https:\/\/encuentroinformativo.com.mx\/?p=24499"},"modified":"2022-03-09T14:06:33","modified_gmt":"2022-03-09T20:06:33","slug":"alerta-gris-en-boca-del-rio-se-esperan-vientos-del-norte-con-rachas-maximas-de-110-km-h","status":"publish","type":"post","link":"https:\/\/encuentroinformativo.com.mx\/?p=24499","title":{"rendered":"Alerta Gris en Boca del R\u00edo; se esperan vientos del norte con rachas m\u00e1ximas de 110 km\/h"},"content":{"rendered":"\n<p><strong>*<em>Ante la entrada del Frente Fr\u00edo (posible No. 35)<\/em><\/strong><\/p>\n\n\n\n<p><strong>*Protecci\u00f3n Civil Municipal pide a la poblaci\u00f3n estar atenta al pron\u00f3stico del tiempo<\/strong>.<\/p>\n\n\n\n<p>Boca del R\u00edo, Ver.- Ante la Alerta Gris emitida por las autoridades estatales por el ingreso del Frente Fr\u00edo (posible No. 35), Protecci\u00f3n Civil de Boca del R\u00edo inform\u00f3 que se pronostica vientos del norte con posibles rachas m\u00e1ximas de 110 km\/h para este s\u00e1bado 12 de marzo.<\/p>\n\n\n\n<p>Ante el incremento del olaje se evaluar\u00e1 el cierre a la circulaci\u00f3n en el bulevar Manuel \u00c1vila Camacho, as\u00ed como el cierre de las playas.<\/p>\n\n\n\n<p><em>Hace las siguientes recomendaciones a la poblaci\u00f3n:<\/em><\/p>\n\n\n\n<p>-Resguardar su seguridad en casa y evitar salir a la calle.<\/p>\n\n\n\n<p>-Sujetar firmemente todo lo que pueda salir proyectado.<\/p>\n\n\n\n<p>-Estar pendientes de las actualizaciones del estado del tiempo.<\/p>\n\n\n\n<p>Las autoridades municipales de Protecci\u00f3n Civil de Boca del R\u00edo continuar\u00e1n informando a la poblaci\u00f3n conforme a la actualizaci\u00f3n del pron\u00f3stico del tiempo, poniendo a su disposici\u00f3n el n\u00famero 911 para cualquier emergencia.<\/p>\n","protected":false},"excerpt":{"rendered":"<p>*Ante la entrada del Frente Fr\u00edo (posible No. 35) *Protecci\u00f3n Civil Municipal pide a la poblaci\u00f3n estar atenta al pron\u00f3stico del tiempo. Boca del R\u00edo, Ver.- Ante la Alerta Gris emitida por las autoridades estatales por el ingreso del Frente Fr\u00edo (posible No. 35), Protecci\u00f3n Civil de Boca del R\u00edo inform\u00f3 que se pronostica vientos [&hellip;]<\/p>\n","protected":false},"author":1,"featured_media":24500,"comment_status":"open","ping_status":"open","sticky":false,"template":"","format":"standard","meta":{"_jetpack_memberships_contains_paid_content":false,"footnotes":""},"categories":[2],"tags":[],"class_list":["post-24499","post","type-post","status-publish","format-standard","has-post-thumbnail","hentry","category-estado"],"jetpack_featured_media_url":"https:\/\/encuentroinformativo.com.mx\/wp-content\/uploads\/2022\/03\/3DF852CC-E2AE-413B-95BF-0850874F2E5E.jpeg","jetpack_sharing_enabled":true,"jetpack_likes_enabled":true,"amp_enabled":true,"_links":{"self":[{"href":"https:\/\/encuentroinformativo.com.mx\/index.php?rest_route=\/wp\/v2\/posts\/24499","targetHints":{"allow":["GET"]}}],"collection":[{"href":"https:\/\/encuentroinformativo.com.mx\/index.php?rest_route=\/wp\/v2\/posts"}],"about":[{"href":"https:\/\/encuentroinformativo.com.mx\/index.php?rest_route=\/wp\/v2\/types\/post"}],"author":[{"embeddable":true,"href":"https:\/\/encuentroinformativo.com.mx\/index.php?rest_route=\/wp\/v2\/users\/1"}],"replies":[{"embeddable":true,"href":"https:\/\/encuentroinformativo.com.mx\/index.php?rest_route=%2Fwp%2Fv2%2Fcomments&post=24499"}],"version-history":[{"count":1,"href":"https:\/\/encuentroinformativo.com.mx\/index.php?rest_route=\/wp\/v2\/posts\/24499\/revisions"}],"predecessor-version":[{"id":24501,"href":"https:\/\/encuentroinformativo.com.mx\/index.php?rest_route=\/wp\/v2\/posts\/24499\/revisions\/24501"}],"wp:featuredmedia":[{"embeddable":true,"href":"https:\/\/encuentroinformativo.com.mx\/index.php?rest_route=\/wp\/v2\/media\/24500"}],"wp:attachment":[{"href":"https:\/\/encuentroinformativo.com.mx\/index.php?rest_route=%2Fwp%2Fv2%2Fmedia&parent=24499"}],"wp:term":[{"taxonomy":"category","embeddable":true,"href":"https:\/\/encuentroinformativo.com.mx\/index.php?rest_route=%2Fwp%2Fv2%2Fcategories&post=24499"},{"taxonomy":"post_tag","embeddable":true,"href":"https:\/\/encuentroinformativo.com.mx\/index.php?rest_route=%2Fwp%2Fv2%2Ftags&post=24499"}],"curies":[{"name":"wp","href":"https:\/\/api.w.org\/{rel}","templated":true}]}}