{"id":24505,"date":"2022-03-09T15:15:39","date_gmt":"2022-03-09T21:15:39","guid":{"rendered":"https:\/\/encuentroinformativo.com.mx\/?p=24505"},"modified":"2022-03-09T15:15:42","modified_gmt":"2022-03-09T21:15:42","slug":"hoteleros-esperan-repunte-con-vacaciones-de-semana-santa","status":"publish","type":"post","link":"https:\/\/encuentroinformativo.com.mx\/?p=24505","title":{"rendered":"Hoteleros esperan repunte con vacaciones de Semana Santa"},"content":{"rendered":"\n<p><strong>Juan Arcos<\/strong><\/p>\n\n\n\n<p>Xalapa, Ver.- Hoteleros de Xalapa y la regi\u00f3n auguran una mayor ocupaci\u00f3n durante la pr\u00f3xima temporada vacacional de Semana Santa, lo que beneficiar\u00eda su situaci\u00f3n econ\u00f3mica.<\/p>\n\n\n\n<p>Cabe recordar que en Xalapa y Coatepec cerraron al menos una docena de hoteles, derivado de la pandemia del Sars-Cov2 (Covid-19).<\/p>\n\n\n\n<p>De acuerdo con Enny Rodr\u00edguez, integrante de la Uni\u00f3n de Hoteleros de Xalapa, desde el inicio de este mes comenzaron a registrar mayores ganancias econ\u00f3micas.<\/p>\n\n\n\n<p>Los empresarios prev\u00e9n que contin\u00faen incrementando sus ingresos, gracias a la flexibilidad de los sem\u00e1foros epidemiol\u00f3gicos por coronavirus.<\/p>\n\n\n\n<p>\u201cS\u00ed somos varios hoteles realmente la poca afluencia que ha habido se dividen en varios hoteles y por eso no se tienen los n\u00fameros que se hab\u00edan tenido en 2019, de los que tenemos agremiados no hay cierres, s\u00ed han cerrado\u201d, expres\u00f3.<\/p>\n\n\n\n<p>La entrevistada reconoci\u00f3 que durante los meses de enero y febrero fueron los de menor ocupaci\u00f3n hotelera; sin embargo, con el inicio de la primavera y las temporadas vacacionales, el sector podr\u00eda recuperarse.<\/p>\n\n\n\n<p>\u201cNosotros como hoteleros nos preparamos con todos las medidas preventivas para evitar la propagaci\u00f3n, ahora s\u00ed que estamos trabajando con nuestro personal al 100 por ciento, ahora en marzo-abril mejora un poquito la ocupaci\u00f3n\u201d, remat\u00f3 Enny Rodr\u00edguez.<\/p>\n","protected":false},"excerpt":{"rendered":"<p>Juan Arcos Xalapa, Ver.- Hoteleros de Xalapa y la regi\u00f3n auguran una mayor ocupaci\u00f3n durante la pr\u00f3xima temporada vacacional de Semana Santa, lo que beneficiar\u00eda su situaci\u00f3n econ\u00f3mica. Cabe recordar que en Xalapa y Coatepec cerraron al menos una docena de hoteles, derivado de la pandemia del Sars-Cov2 (Covid-19). De acuerdo con Enny Rodr\u00edguez, integrante [&hellip;]<\/p>\n","protected":false},"author":1,"featured_media":24506,"comment_status":"open","ping_status":"open","sticky":false,"template":"","format":"standard","meta":{"_jetpack_memberships_contains_paid_content":false,"footnotes":""},"categories":[3],"tags":[],"class_list":["post-24505","post","type-post","status-publish","format-standard","has-post-thumbnail","hentry","category-xalapa"],"jetpack_featured_media_url":"https:\/\/encuentroinformativo.com.mx\/wp-content\/uploads\/2022\/03\/156C6A49-81C2-488D-85E4-63D6ACD97A9E.jpeg","jetpack_sharing_enabled":true,"jetpack_likes_enabled":true,"amp_enabled":true,"_links":{"self":[{"href":"https:\/\/encuentroinformativo.com.mx\/index.php?rest_route=\/wp\/v2\/posts\/24505","targetHints":{"allow":["GET"]}}],"collection":[{"href":"https:\/\/encuentroinformativo.com.mx\/index.php?rest_route=\/wp\/v2\/posts"}],"about":[{"href":"https:\/\/encuentroinformativo.com.mx\/index.php?rest_route=\/wp\/v2\/types\/post"}],"author":[{"embeddable":true,"href":"https:\/\/encuentroinformativo.com.mx\/index.php?rest_route=\/wp\/v2\/users\/1"}],"replies":[{"embeddable":true,"href":"https:\/\/encuentroinformativo.com.mx\/index.php?rest_route=%2Fwp%2Fv2%2Fcomments&post=24505"}],"version-history":[{"count":1,"href":"https:\/\/encuentroinformativo.com.mx\/index.php?rest_route=\/wp\/v2\/posts\/24505\/revisions"}],"predecessor-version":[{"id":24507,"href":"https:\/\/encuentroinformativo.com.mx\/index.php?rest_route=\/wp\/v2\/posts\/24505\/revisions\/24507"}],"wp:featuredmedia":[{"embeddable":true,"href":"https:\/\/encuentroinformativo.com.mx\/index.php?rest_route=\/wp\/v2\/media\/24506"}],"wp:attachment":[{"href":"https:\/\/encuentroinformativo.com.mx\/index.php?rest_route=%2Fwp%2Fv2%2Fmedia&parent=24505"}],"wp:term":[{"taxonomy":"category","embeddable":true,"href":"https:\/\/encuentroinformativo.com.mx\/index.php?rest_route=%2Fwp%2Fv2%2Fcategories&post=24505"},{"taxonomy":"post_tag","embeddable":true,"href":"https:\/\/encuentroinformativo.com.mx\/index.php?rest_route=%2Fwp%2Fv2%2Ftags&post=24505"}],"curies":[{"name":"wp","href":"https:\/\/api.w.org\/{rel}","templated":true}]}}