{"id":24508,"date":"2022-03-09T18:01:14","date_gmt":"2022-03-10T00:01:14","guid":{"rendered":"https:\/\/encuentroinformativo.com.mx\/?p=24508"},"modified":"2022-03-09T18:01:17","modified_gmt":"2022-03-10T00:01:17","slug":"menor-de-edad-pierde-la-vida-en-tihuatlan-tras-chocar-camion-con-su-casa","status":"publish","type":"post","link":"https:\/\/encuentroinformativo.com.mx\/?p=24508","title":{"rendered":"Menor de edad pierde la vida en Tihuatl\u00e1n tras chocar cami\u00f3n con su casa"},"content":{"rendered":"\n<p><strong>Alejandro \u00c1vila<\/strong><\/p>\n\n\n\n<p>Tihuatl\u00e1n, Ver.- Una menor de edad perdi\u00f3 la vida y 3 personas m\u00e1s resultaron lesionadas, tras el impacto de un cami\u00f3n de carga con la vivienda que habitaban, los hechos ocurrieron cerca de la cabecera municipal de Tihuatl\u00e1n.<\/p>\n\n\n\n<p>La ma\u00f1ana de este mi\u00e9rcoles, un cami\u00f3n que circulaba por la carretera Federal M\u00e9xico &#8211; Tuxpan, y en presunto exceso de velocidad, volc\u00f3 sobre la autopista y se impact\u00f3 con una vivienda, dejando caer su carga de gabazo de naranja; teniendo como saldo el lamentable accidente ya mencionado.<\/p>\n\n\n\n<p>Al sitio acudieron elementos de la Guardia Nacional como primeros respondientes, qui\u00e9nes solicitaron el apoyo de param\u00e9dicos de la Cruz Roja para trasladar a los lesionados hacia el Hospital Regional de Poza Rica; momentos despu\u00e9s, la Polic\u00eda Ministerial se dio cita en la zona para realizar las investigaciones correspondientes.<\/p>\n\n\n\n<p>Vecinos del lugar se\u00f1alaron que la menor fallecida respond\u00eda al nombre de Blanca Estela, mientras que entre los sobrevivientes con lesiones est\u00e1n, su madre Blanca Margarita, su hermano de nombre Javier, y un peque\u00f1o de 8 meses de nacido.<\/p>\n\n\n\n<p>Vecinos del sector Fernando Guti\u00e9rrez Barrios, aseguran que el conductor del cami\u00f3n y un acompa\u00f1ante se dieron a la fuga; mismos que son buscados no solo por las autoridades policiales, sino tambi\u00e9n por vecinos y amigos de la familia afectada.<\/p>\n","protected":false},"excerpt":{"rendered":"<p>Alejandro \u00c1vila Tihuatl\u00e1n, Ver.- Una menor de edad perdi\u00f3 la vida y 3 personas m\u00e1s resultaron lesionadas, tras el impacto de un cami\u00f3n de carga con la vivienda que habitaban, los hechos ocurrieron cerca de la cabecera municipal de Tihuatl\u00e1n. La ma\u00f1ana de este mi\u00e9rcoles, un cami\u00f3n que circulaba por la carretera Federal M\u00e9xico &#8211; [&hellip;]<\/p>\n","protected":false},"author":1,"featured_media":24509,"comment_status":"open","ping_status":"open","sticky":false,"template":"","format":"standard","meta":{"_jetpack_memberships_contains_paid_content":false,"footnotes":""},"categories":[2],"tags":[],"class_list":["post-24508","post","type-post","status-publish","format-standard","has-post-thumbnail","hentry","category-estado"],"jetpack_featured_media_url":"https:\/\/encuentroinformativo.com.mx\/wp-content\/uploads\/2022\/03\/19215B1C-7310-4C0E-B7E5-4CF0AA6DD916.jpeg","jetpack_sharing_enabled":true,"jetpack_likes_enabled":true,"amp_enabled":true,"_links":{"self":[{"href":"https:\/\/encuentroinformativo.com.mx\/index.php?rest_route=\/wp\/v2\/posts\/24508","targetHints":{"allow":["GET"]}}],"collection":[{"href":"https:\/\/encuentroinformativo.com.mx\/index.php?rest_route=\/wp\/v2\/posts"}],"about":[{"href":"https:\/\/encuentroinformativo.com.mx\/index.php?rest_route=\/wp\/v2\/types\/post"}],"author":[{"embeddable":true,"href":"https:\/\/encuentroinformativo.com.mx\/index.php?rest_route=\/wp\/v2\/users\/1"}],"replies":[{"embeddable":true,"href":"https:\/\/encuentroinformativo.com.mx\/index.php?rest_route=%2Fwp%2Fv2%2Fcomments&post=24508"}],"version-history":[{"count":1,"href":"https:\/\/encuentroinformativo.com.mx\/index.php?rest_route=\/wp\/v2\/posts\/24508\/revisions"}],"predecessor-version":[{"id":24510,"href":"https:\/\/encuentroinformativo.com.mx\/index.php?rest_route=\/wp\/v2\/posts\/24508\/revisions\/24510"}],"wp:featuredmedia":[{"embeddable":true,"href":"https:\/\/encuentroinformativo.com.mx\/index.php?rest_route=\/wp\/v2\/media\/24509"}],"wp:attachment":[{"href":"https:\/\/encuentroinformativo.com.mx\/index.php?rest_route=%2Fwp%2Fv2%2Fmedia&parent=24508"}],"wp:term":[{"taxonomy":"category","embeddable":true,"href":"https:\/\/encuentroinformativo.com.mx\/index.php?rest_route=%2Fwp%2Fv2%2Fcategories&post=24508"},{"taxonomy":"post_tag","embeddable":true,"href":"https:\/\/encuentroinformativo.com.mx\/index.php?rest_route=%2Fwp%2Fv2%2Ftags&post=24508"}],"curies":[{"name":"wp","href":"https:\/\/api.w.org\/{rel}","templated":true}]}}