{"id":24511,"date":"2022-03-09T19:22:22","date_gmt":"2022-03-10T01:22:22","guid":{"rendered":"https:\/\/encuentroinformativo.com.mx\/?p=24511"},"modified":"2022-03-09T19:22:26","modified_gmt":"2022-03-10T01:22:26","slug":"se-incendia-restaurante-en-boca-del-rio-perdida-total","status":"publish","type":"post","link":"https:\/\/encuentroinformativo.com.mx\/?p=24511","title":{"rendered":"Se incendia restaurante en Boca del R\u00edo, p\u00e9rdida total"},"content":{"rendered":"\n<p><strong>Alejandro \u00c1vila<\/strong><\/p>\n\n\n\n<p>Boca del R\u00edo, Ver.- El restaurante de antojitos &#8220;Las Anitas&#8221; ubicado en el bulevar &#8220;Adolfo Ruiz Cortines&#8221; del municipio de Boca del R\u00edo, se incendi\u00f3 la tarde de este mi\u00e9rcoles.<\/p>\n\n\n\n<p>Jorge Roberto Rojas, director de Protecci\u00f3n Civil Municipal confirm\u00f3 que, no existen personas lesionadas, y solo fueron los da\u00f1os materiales, que se asumen como la p\u00e9rdida total del inmueble.<\/p>\n\n\n\n<p>S\u00ed bien a\u00fan falta de hacerse el peritaje de rigor, se estima que los hechos iniciaron en la cocina, alrededor de las 5:30 de la tarde, sin confirmar a\u00fan el motivo exacto del motivo del inicio del siniestro.<\/p>\n\n\n\n<p>Al lugar acudieron elementos de Bomberos Conurbados de Boca del R\u00edo, bajo el mando del comandante Antonio Chedraui Bolado, qui\u00e9nes se coordinaron con personal de Protecci\u00f3n Civil Municipal y direcci\u00f3n de Gobernaci\u00f3n; as\u00ed como Tr\u00e1nsito Municipal, estos \u00faltimos despejando las arterias viales, para el mejor desempe\u00f1o de los cuerpos de rescate.<\/p>\n\n\n\n<p>Alrededor de las 7 de la noche culminaron las labores de enfriamiento en el restaurante, y se dieron por concluido los trabajos en la zona.<\/p>\n","protected":false},"excerpt":{"rendered":"<p>Alejandro \u00c1vila Boca del R\u00edo, Ver.- El restaurante de antojitos &#8220;Las Anitas&#8221; ubicado en el bulevar &#8220;Adolfo Ruiz Cortines&#8221; del municipio de Boca del R\u00edo, se incendi\u00f3 la tarde de este mi\u00e9rcoles. Jorge Roberto Rojas, director de Protecci\u00f3n Civil Municipal confirm\u00f3 que, no existen personas lesionadas, y solo fueron los da\u00f1os materiales, que se asumen [&hellip;]<\/p>\n","protected":false},"author":1,"featured_media":24512,"comment_status":"open","ping_status":"open","sticky":false,"template":"","format":"standard","meta":{"_jetpack_memberships_contains_paid_content":false,"footnotes":""},"categories":[2],"tags":[],"class_list":["post-24511","post","type-post","status-publish","format-standard","has-post-thumbnail","hentry","category-estado"],"jetpack_featured_media_url":"https:\/\/encuentroinformativo.com.mx\/wp-content\/uploads\/2022\/03\/D83A7F57-070F-4043-A81C-2915901640FF.jpeg","jetpack_sharing_enabled":true,"jetpack_likes_enabled":true,"amp_enabled":true,"_links":{"self":[{"href":"https:\/\/encuentroinformativo.com.mx\/index.php?rest_route=\/wp\/v2\/posts\/24511","targetHints":{"allow":["GET"]}}],"collection":[{"href":"https:\/\/encuentroinformativo.com.mx\/index.php?rest_route=\/wp\/v2\/posts"}],"about":[{"href":"https:\/\/encuentroinformativo.com.mx\/index.php?rest_route=\/wp\/v2\/types\/post"}],"author":[{"embeddable":true,"href":"https:\/\/encuentroinformativo.com.mx\/index.php?rest_route=\/wp\/v2\/users\/1"}],"replies":[{"embeddable":true,"href":"https:\/\/encuentroinformativo.com.mx\/index.php?rest_route=%2Fwp%2Fv2%2Fcomments&post=24511"}],"version-history":[{"count":1,"href":"https:\/\/encuentroinformativo.com.mx\/index.php?rest_route=\/wp\/v2\/posts\/24511\/revisions"}],"predecessor-version":[{"id":24513,"href":"https:\/\/encuentroinformativo.com.mx\/index.php?rest_route=\/wp\/v2\/posts\/24511\/revisions\/24513"}],"wp:featuredmedia":[{"embeddable":true,"href":"https:\/\/encuentroinformativo.com.mx\/index.php?rest_route=\/wp\/v2\/media\/24512"}],"wp:attachment":[{"href":"https:\/\/encuentroinformativo.com.mx\/index.php?rest_route=%2Fwp%2Fv2%2Fmedia&parent=24511"}],"wp:term":[{"taxonomy":"category","embeddable":true,"href":"https:\/\/encuentroinformativo.com.mx\/index.php?rest_route=%2Fwp%2Fv2%2Fcategories&post=24511"},{"taxonomy":"post_tag","embeddable":true,"href":"https:\/\/encuentroinformativo.com.mx\/index.php?rest_route=%2Fwp%2Fv2%2Ftags&post=24511"}],"curies":[{"name":"wp","href":"https:\/\/api.w.org\/{rel}","templated":true}]}}