{"id":24519,"date":"2022-03-10T10:04:08","date_gmt":"2022-03-10T16:04:08","guid":{"rendered":"https:\/\/encuentroinformativo.com.mx\/?p=24519"},"modified":"2022-03-10T10:04:10","modified_gmt":"2022-03-10T16:04:10","slug":"que-vienen-nuevas-denuncias-contra-excomisionados-del-ivai","status":"publish","type":"post","link":"https:\/\/encuentroinformativo.com.mx\/?p=24519","title":{"rendered":"QUE VIENEN NUEVAS DENUNCIAS CONTRA EXCOMISIONADOS DEL IVAI"},"content":{"rendered":"\n<p><strong>ColumnaSinNombre<br>@pablojair<\/strong><\/p>\n\n\n\n<ul class=\"wp-block-list\"><li>Cuando Tom\u00e1s Boy agredi\u00f3 a un periodista veracruzano.<\/li><li>La foto de Nahle con el Gober y el delegado estatal.<\/li><li>Zenyazen Escobar reafirma impulso a la Educaci\u00f3n Tecnol\u00f3gica.<\/li><\/ul>\n\n\n\n<p>De verdad se pasa de huev\u00f3n el rector<br>Y todo por no regresar a clases presenciales\u2026<br>\u00a1Pa\u2019 vato perezoso!<br>\u2014Chopenjawer<\/p>\n\n\n\n<p>Desde que comenz\u00f3 una nueva etapa en el Instituto Veracruzano de Acceso a la Informaci\u00f3n (IVAI), han habido situaciones que al paso del tiempo revelaron irregularidades que no s\u00f3lo eran gastos excesivos, sino que tampoco se hab\u00edan resuelto muchos casos pendientes por los anteriores consejeros.<\/p>\n\n\n\n<p>Es decir, no estaban haciendo su trabajo y haga de cuenta que los expedientes se estaban acumulando y guardando de manera intencional.<\/p>\n\n\n\n<p>No solo eso: al IVAI lo convirtieron en una agencia de colocaciones donde incrustaron recomendados en diversas \u00e1reas, como si fuese una empresa privada entre cuates. Hab\u00eda amantes, novias, amigos \u00edntimos, que ganaban salarios estratosf\u00e9ricos por hacer poco o nada.<\/p>\n\n\n\n<p>Con el cambio de administraci\u00f3n y la entrada de la Cuarta Transformeishion, se fue descubriendo todo. Se puede decir que hubo una resistencia fuerte, pero era inevitable que iba a haber cambios en un \u00f3rgano desconcentrado clave de la administraci\u00f3n estatal.<\/p>\n\n\n\n<p>Los primeros en huir de la escena buscando escapar y esconderse de la justicia fueron los consejeros Yolli \u201cN\u201d y Rub\u00e9n Mendoza, mientras que el otro consejero Arturo Mariscal permaneci\u00f3 un tiempo, pero al final se tuvo que ir.<\/p>\n\n\n\n<p>Con todas las irregularidades detectadas, se pusieron las denuncias correspondientes y quien finalmente cay\u00f3 en la c\u00e1rcel fue la consejera presidenta Yolli \u201cN\u201d, quien sigue su proceso judicial en el Hospital Civil de Xalapa por supuestos problemas de salud.<\/p>\n\n\n\n<p>Es curioso, pero dicen que mientras Yolli \u201cN\u201d convalec\u00eda, sus familiares m\u00e1s cercanos andaban presumiendo en redes sociales diversos viajes al extranjero. Seguramente no estaban tan preocupados por la salud de la ex comisionada.<\/p>\n\n\n\n<p>Pero el asunto no para ah\u00ed.<\/p>\n\n\n\n<p>Recientemente el IVAI tuvo conflictos internos derivados de la salida de la consejera Magda Zayas, quien solo estuvo un a\u00f1o como comisionada, pero busc\u00f3 por todos lados el apadrinamiento pol\u00edtico para seguir en el cargo, creando problemas innecesarios para el funcionamiento del organismo.<\/p>\n\n\n\n<p>Finalmente tuvo que admitir que su per\u00edodo, tal como lo estipulaba la ley, terminaba y ten\u00eda que ceder su lugar. De ah\u00ed, se volvieron a retomar trabajos pendientes que ahora indican otras se\u00f1ales de presuntas irregularidades.<\/p>\n\n\n\n<p>Han sido varios los cambios en el IVAI, pues no solo tuvieron que buscar oficinas nuevas, sino que tambi\u00e9n han estado sacando muchos rezagos en expedientes que quedaron sin resolver desde el consejo anterior y que tambi\u00e9n, de alguna manera, se retrasaron por los conflictos internos del IVAI originados por la comisionada saliente.<\/p>\n\n\n\n<p>Con todo lo anterior, ahora se sabe que a los tres ex comisionados del IVAI, Rub\u00e9n Mendoza, Arturo Mariscal y Yolli (N) se les viene la noche, pues ya existen nuevas denuncias penales en su contra, aunque los detalles de las mismas no han sido revelados.<\/p>\n\n\n\n<p>Hay que esperar a conocer de qu\u00e9 se les estar\u00eda acusando y entonces se ver\u00e1 si les alcanzan los argumentos a los oportunistas profesionales para seguir exigiendo la liberaci\u00f3n de Yolli (N) , pues nada m\u00e1s falta que le prendan veladoras y le quemen incienso, con eso de que \u2014para variar\u2014 ahora resulta que es llamada \u201cpresa pol\u00edtica\u201d.<\/p>\n\n\n\n<p>Ya se quisiera ver a esos paladines de la justicia si andan tan prestos para defender a los ex funcionarios p\u00fablicos con el argumento de que son presos pol\u00edticos.<\/p>\n\n\n\n<p>Esta historia \u2014dicen\u2014 todav\u00eda tiene mucha tela para cortar\u2026 \u00a1Aaay weeeeey!<\/p>\n\n\n\n<p><strong>NOTA PARA PEGAR EN EL REFRI:<\/strong> Por ah\u00ed de los inicios de la primera d\u00e9cada del 2000, en el noticiero de Televisa Deportes se daba a conocer que Tom\u00e1s Boy (entonces director t\u00e9cnico del Morelia, si no mal recuerdo) hab\u00eda agredido a un joven periodista oriundo de Coatzacoalcos al t\u00e9rmino de un partido. El reportero se encontraba realizando la cr\u00f3nica y tomando fotos, cuando de la nada fue empujado por el entrenador. En la sala de conferencias de prensa, el periodista reclam\u00f3 al tambi\u00e9n legendario futbolista del mundial M\u00e9xico 86, quien de manera muy grosera lo sobaj\u00f3 y se burl\u00f3 de \u00e9l por pertenecer a un medio local\u2026 La noticia fue revuelo nacional porque en el noticiero de la otrora poderosa televisora, el comentarista Javier Alarc\u00f3n se\u00f1alaba la falta de respeto a la labor de los trabajadores de medios de comunicaci\u00f3n por parte del llamado \u201cJefe Boy\u201d\u2026 No hab\u00eda redes sociales y los celulares eran algo as\u00ed como para los muy \u201cfif\u00eds\u201d, por lo que solamente nos acordamos de la an\u00e9cdota de los tantos gajes del oficio que se dan por los desplantes de las personalidades y actores pol\u00edticos\u2026 As\u00ed es esto del abarrote\u2026 Descanse en paz, el Jefe Boy.<\/p>\n\n\n\n<p><strong>OTRA NOTA: <\/strong>Este mi\u00e9rcoles, la secretaria de Energ\u00eda, Roc\u00edo Nahle, se reuni\u00f3 con el gobernador Cuitl\u00e1huac Garc\u00eda Jimenez, y el delegado estatal Manuel Huerta Ladr\u00f3n de Guevara, as\u00ed como con diputados de Veracruz\u2026 \u00bfEl tema? La Reforma El\u00e9ctrica presentada por el presidente Andr\u00e9s Manuel L\u00f3pez Obrador\u2026 El mismo mandatario estatal public\u00f3 en sus redes sociales que est\u00e1n cerrando filas en torno a la Secretar\u00eda de Energ\u00eda y el titular del Ejecutivo federal: \u201cEstamos con el Presidente Andr\u00e9s Manuel @lopezobrador_ para que siga impulsando el desarrollo el\u00e9ctrico de Veracruz y de M\u00e9xico&#8221;\u2026 Por su parte, el delegado de Programas de Bienestar en Veracruz, Manuel Huerta, record\u00f3 que siendo diputado en 2013, se pronunci\u00f3 en contra de la entonces reforma energ\u00e9tica que impuls\u00f3 Enrique Pe\u00f1a Nieto: \u201cHoy tenemos la oportunidad de regresarle esta soberan\u00eda a M\u00e9xico mediante #LaReformaEl\u00e9ctricaVa que impulsa el Presidente @lopezobrador_\u201d\u2026 Sobra decir que ya en el tema de la grilla la foto tiene mucha relevancia, pues los opositores han comentado desde el inicio de la 4T en Veracruz que existen supuestas diferencias entre el grupo del gobernador y el delegado, por lo que la imagen de ayer ya estar\u00eda mandando el mensaje de que no s\u00f3lo est\u00e1n cerrando filas en torno al tema legislativo, sino que ya se est\u00e1 cocinando algo m\u00e1s que dif\u00edcilmente van a poder detener los adversarios en 2024\u2026 Y como dicen los columnistas picudos: \u201cAl tiempo\u201d.<\/p>\n\n\n\n<p><strong>OTRA NOTA EXTRA: <\/strong>El secretario de Educaci\u00f3n de Veracruz, Zenyazen Escobar Garc\u00eda, sostuvo una reuni\u00f3n de trabajo con el personal directivo de los 25 planteles tecnol\u00f3gicos del estado, para continuar impulsando esta modalidad en el nivel superior, al convertirse en una primera opci\u00f3n de estudio para gran n\u00famero de j\u00f3venes veracruzanos. En la Sala de Secretarios de la dependencia educativa tuvo lugar la reuni\u00f3n, en la cual los directivos, encabezados por el director general de Educaci\u00f3n Tecnol\u00f3gica, David Hern\u00e1ndez Santiago, expusieron un balance del trabajo hecho en sus respectivos planteles, as\u00ed como los proyectos por realizar este a\u00f1o. El funcionario estatal reiter\u00f3 su compromiso de seguir impulsando la educaci\u00f3n tecnol\u00f3gica, a fin de proporcionar herramientas a los j\u00f3venes para que cuenten con una formaci\u00f3n acad\u00e9mica de excelencia, tal como se acord\u00f3 en la Primera Reuni\u00f3n Nacional 2022 de Direcciones de Institutos Tecnol\u00f3gicos y Centros del TecNM, que se llev\u00f3 a cabo el pasado 3 de marzo en Boca del R\u00edo. Tambi\u00e9n estuvo presente el subsecretario de Educaci\u00f3n Media Superior y Superior, Jorge Miguel Uscanga, quien destac\u00f3 la demanda para que se incorporen los egresados a laborar tanto en el gobierno como en la iniciativa privada, por sus conocimientos y aportes tecnol\u00f3gicos a la sociedad.<\/p>\n","protected":false},"excerpt":{"rendered":"<p>ColumnaSinNombre@pablojair Cuando Tom\u00e1s Boy agredi\u00f3 a un periodista veracruzano. La foto de Nahle con el Gober y el delegado estatal. Zenyazen Escobar reafirma impulso a la Educaci\u00f3n Tecnol\u00f3gica. De verdad se pasa de huev\u00f3n el rectorY todo por no regresar a clases presenciales\u2026\u00a1Pa\u2019 vato perezoso!\u2014Chopenjawer Desde que comenz\u00f3 una nueva etapa en el Instituto Veracruzano [&hellip;]<\/p>\n","protected":false},"author":1,"featured_media":488,"comment_status":"open","ping_status":"open","sticky":false,"template":"","format":"standard","meta":{"_jetpack_memberships_contains_paid_content":false,"footnotes":""},"categories":[11],"tags":[],"class_list":["post-24519","post","type-post","status-publish","format-standard","has-post-thumbnail","hentry","category-opinion"],"jetpack_featured_media_url":"https:\/\/encuentroinformativo.com.mx\/wp-content\/uploads\/2020\/03\/F471F608-BA1A-416B-BA7B-BCFB24F4E6D0.jpeg","jetpack_sharing_enabled":true,"jetpack_likes_enabled":true,"amp_enabled":true,"_links":{"self":[{"href":"https:\/\/encuentroinformativo.com.mx\/index.php?rest_route=\/wp\/v2\/posts\/24519","targetHints":{"allow":["GET"]}}],"collection":[{"href":"https:\/\/encuentroinformativo.com.mx\/index.php?rest_route=\/wp\/v2\/posts"}],"about":[{"href":"https:\/\/encuentroinformativo.com.mx\/index.php?rest_route=\/wp\/v2\/types\/post"}],"author":[{"embeddable":true,"href":"https:\/\/encuentroinformativo.com.mx\/index.php?rest_route=\/wp\/v2\/users\/1"}],"replies":[{"embeddable":true,"href":"https:\/\/encuentroinformativo.com.mx\/index.php?rest_route=%2Fwp%2Fv2%2Fcomments&post=24519"}],"version-history":[{"count":1,"href":"https:\/\/encuentroinformativo.com.mx\/index.php?rest_route=\/wp\/v2\/posts\/24519\/revisions"}],"predecessor-version":[{"id":24520,"href":"https:\/\/encuentroinformativo.com.mx\/index.php?rest_route=\/wp\/v2\/posts\/24519\/revisions\/24520"}],"wp:featuredmedia":[{"embeddable":true,"href":"https:\/\/encuentroinformativo.com.mx\/index.php?rest_route=\/wp\/v2\/media\/488"}],"wp:attachment":[{"href":"https:\/\/encuentroinformativo.com.mx\/index.php?rest_route=%2Fwp%2Fv2%2Fmedia&parent=24519"}],"wp:term":[{"taxonomy":"category","embeddable":true,"href":"https:\/\/encuentroinformativo.com.mx\/index.php?rest_route=%2Fwp%2Fv2%2Fcategories&post=24519"},{"taxonomy":"post_tag","embeddable":true,"href":"https:\/\/encuentroinformativo.com.mx\/index.php?rest_route=%2Fwp%2Fv2%2Ftags&post=24519"}],"curies":[{"name":"wp","href":"https:\/\/api.w.org\/{rel}","templated":true}]}}