{"id":2452,"date":"2020-05-11T11:51:37","date_gmt":"2020-05-11T16:51:37","guid":{"rendered":"https:\/\/encuentroinformativo.com\/?p=2452"},"modified":"2020-05-11T11:51:40","modified_gmt":"2020-05-11T16:51:40","slug":"ambulantes-portenos-demandan-apoyos-del-gobierno-estatal","status":"publish","type":"post","link":"https:\/\/encuentroinformativo.com.mx\/?p=2452","title":{"rendered":"Ambulantes porte\u00f1os demandan \u201capoyos\u201d del gobierno estatal"},"content":{"rendered":"\n<p><strong>Juan Arcos <\/strong><\/p>\n\n\n\n<p>Xalapa, Ver.- M\u00e1s de 6 mil vendedores ambulantes del Puerto de Veracruz se han quedado sin trabajo por la pandemia del COVID-19 y no han recibido ning\u00fan apoyo del gobierno del estado.<\/p>\n\n\n\n<p>Por ello, un grupo del Frente Com\u00fan en la Defensa del Pueblo, proveniente de dicho municipio, protest\u00f3 frente a Palacio de Gobierno para exigir una ayuda, pues sus familias se han quedado sin alimentos.<\/p>\n\n\n\n<p>Se trata de personas dedicadas a la venta de raspados, esquites, elotes, fruta, trenzas y tatuajes en el malec\u00f3n y la plaza gastron\u00f3mica.<\/p>\n\n\n\n<p>Cristina Mar\u00edn Leal, representante de los afectados, dio a conocer que han presentado oficios con firmas para solicitar apoyos al gobierno; sin embargo, no han recibido ayuda para hacer frente a la contingencia sanitaria por coronavirus.<\/p>\n\n\n\n<p>Record\u00f3 que el pasado 29 de abril emprendieron una marcha del Puerto de Veracruz hacia Xalapa, pero les mandaron a la fuerza p\u00fablica para desalojar a los manifestantes.<\/p>\n\n\n\n<p>\u201cLleg\u00f3 gente de pol\u00edtica regional, Jes\u00fas Triana y otros representantes, nada m\u00e1s nos fueron a enga\u00f1ar, a decir a la gente que les iban a resolver, qu\u00e9 les iban a dar alg\u00fan apoyo, pero eso nunca pas\u00f3\u201d.<\/p>\n\n\n\n<p>Coment\u00f3 que su situaci\u00f3n econ\u00f3mica empeora cada d\u00eda y no existe una respuesta favorable por parte del gobierno.<\/p>\n\n\n\n<p>\u201cNo vemos apoyo el gobierno. La gente est\u00e1 pasando hambre en estos momentos, lo que ten\u00edan que empe\u00f1ar, lo que ten\u00edan que vender ya lo hicieron, ya no tienen para comer\u201d, finaliz\u00f3.<\/p>\n","protected":false},"excerpt":{"rendered":"<p>Juan Arcos Xalapa, Ver.- M\u00e1s de 6 mil vendedores ambulantes del Puerto de Veracruz se han quedado sin trabajo por la pandemia del COVID-19 y no han recibido ning\u00fan apoyo del gobierno del estado. Por ello, un grupo del Frente Com\u00fan en la Defensa del Pueblo, proveniente de dicho municipio, protest\u00f3 frente a Palacio de [&hellip;]<\/p>\n","protected":false},"author":1,"featured_media":2453,"comment_status":"open","ping_status":"open","sticky":false,"template":"","format":"standard","meta":{"_jetpack_memberships_contains_paid_content":false,"footnotes":""},"categories":[2],"tags":[],"class_list":["post-2452","post","type-post","status-publish","format-standard","has-post-thumbnail","hentry","category-estado"],"jetpack_featured_media_url":"https:\/\/encuentroinformativo.com.mx\/wp-content\/uploads\/2020\/05\/8CE4F1E5-5FEC-42AB-ABD4-8228D79608DC.jpeg","jetpack_sharing_enabled":true,"jetpack_likes_enabled":true,"amp_enabled":true,"_links":{"self":[{"href":"https:\/\/encuentroinformativo.com.mx\/index.php?rest_route=\/wp\/v2\/posts\/2452","targetHints":{"allow":["GET"]}}],"collection":[{"href":"https:\/\/encuentroinformativo.com.mx\/index.php?rest_route=\/wp\/v2\/posts"}],"about":[{"href":"https:\/\/encuentroinformativo.com.mx\/index.php?rest_route=\/wp\/v2\/types\/post"}],"author":[{"embeddable":true,"href":"https:\/\/encuentroinformativo.com.mx\/index.php?rest_route=\/wp\/v2\/users\/1"}],"replies":[{"embeddable":true,"href":"https:\/\/encuentroinformativo.com.mx\/index.php?rest_route=%2Fwp%2Fv2%2Fcomments&post=2452"}],"version-history":[{"count":1,"href":"https:\/\/encuentroinformativo.com.mx\/index.php?rest_route=\/wp\/v2\/posts\/2452\/revisions"}],"predecessor-version":[{"id":2454,"href":"https:\/\/encuentroinformativo.com.mx\/index.php?rest_route=\/wp\/v2\/posts\/2452\/revisions\/2454"}],"wp:featuredmedia":[{"embeddable":true,"href":"https:\/\/encuentroinformativo.com.mx\/index.php?rest_route=\/wp\/v2\/media\/2453"}],"wp:attachment":[{"href":"https:\/\/encuentroinformativo.com.mx\/index.php?rest_route=%2Fwp%2Fv2%2Fmedia&parent=2452"}],"wp:term":[{"taxonomy":"category","embeddable":true,"href":"https:\/\/encuentroinformativo.com.mx\/index.php?rest_route=%2Fwp%2Fv2%2Fcategories&post=2452"},{"taxonomy":"post_tag","embeddable":true,"href":"https:\/\/encuentroinformativo.com.mx\/index.php?rest_route=%2Fwp%2Fv2%2Ftags&post=2452"}],"curies":[{"name":"wp","href":"https:\/\/api.w.org\/{rel}","templated":true}]}}