{"id":24531,"date":"2022-03-10T10:56:05","date_gmt":"2022-03-10T16:56:05","guid":{"rendered":"https:\/\/encuentroinformativo.com.mx\/?p=24531"},"modified":"2022-03-10T10:56:08","modified_gmt":"2022-03-10T16:56:08","slug":"con-bloqueo-reclaman-regularizar-terreno-de-telesecundaria","status":"publish","type":"post","link":"https:\/\/encuentroinformativo.com.mx\/?p=24531","title":{"rendered":"Con bloqueo, reclaman regularizar terreno de Telesecundaria"},"content":{"rendered":"\n<p><strong>Juan Arcos <\/strong><\/p>\n\n\n\n<p>Xalapa, Ver.- Padres de familia y alumnos de la escuela telesecundaria \u201cAnexa a la Escuela Normal Superior Veracruzana\u201d bloquearon dos carriles del bulevar Xalapa-Banderilla, a la altura de la colonia 21 de Marzo, con direcci\u00f3n hacia la Secretar\u00eda de Finanzas y Planeaci\u00f3n (Sefiplan).<\/p>\n\n\n\n<p>Los inconformes demandan que se regularice el terreno donde se encuentra la escuela, para que la Secretar\u00eda de Educaci\u00f3n de Veracruz (SEV) otorgue la clave escolar correspondiente.<\/p>\n\n\n\n<p>De acuerdo con Leticia Cruz S\u00e1nchez, presidenta de la Asociaci\u00f3n de Padres de Familia, desde hace cuatro a\u00f1os han solicitado la clave y la regularizaci\u00f3n del terreno del plantel, sin obtener una respuesta favorable.<\/p>\n\n\n\n<p>\u201cLo hemos hecho de manera pac\u00edfica, con todos los requisitos que nos han estado pidiendo, pero llegamos a un punto donde en ning\u00fan lugar nos quieren dar ni el apoyo ni la respuesta\u201d, indic\u00f3.<\/p>\n\n\n\n<p>Las madres y padres de familia est\u00e1n preocupados por la posibilidad de que los alumnos se queden sin plantel educativo para culminar sus estudios de dicho nivel.\u00a0<\/p>\n\n\n\n<p>\u201cAl jur\u00eddico nos lleg\u00f3 un documento donde dice que debemos de entregar las instalaciones a m\u00e1s tardar a finales de ciclo escolar cosa que nos preocupa porque se est\u00e1n violentando los derechos de nuestros hijos\u201d, agreg\u00f3.<\/p>\n\n\n\n<p>Los quejosos tambi\u00e9n tomaron la escuela, ubicada sobre la calle Juan Escurialense de la colonia 21 de Marzo, para exigir la intervenci\u00f3n de la Secretar\u00eda de Educaci\u00f3n de Veracruz.<\/p>\n\n\n\n<p>\u201cHay muchas controversia en cuesti\u00f3n de las escuelas que tenemos aleda\u00f1as, como es la telesecundaria 21 de Marzo, la secundaria Experimental, pero no son suficientes por el cupo que hay entre escuelas y escuelas porque la comunidad ha crecido much\u00edsimo\u201d, a\u00f1adi\u00f3 la madre de familia.<\/p>\n\n\n\n<p>En la escuela telesecundaria \u201cAnexa a la Escuela Normal Superior Veracruzana\u201d hay 113 alumnos que podr\u00edan quedarse sin la oportunidad de continuar sus estudios.\u00a0<\/p>\n","protected":false},"excerpt":{"rendered":"<p>Juan Arcos Xalapa, Ver.- Padres de familia y alumnos de la escuela telesecundaria \u201cAnexa a la Escuela Normal Superior Veracruzana\u201d bloquearon dos carriles del bulevar Xalapa-Banderilla, a la altura de la colonia 21 de Marzo, con direcci\u00f3n hacia la Secretar\u00eda de Finanzas y Planeaci\u00f3n (Sefiplan). Los inconformes demandan que se regularice el terreno donde se [&hellip;]<\/p>\n","protected":false},"author":1,"featured_media":24532,"comment_status":"open","ping_status":"open","sticky":false,"template":"","format":"standard","meta":{"_jetpack_memberships_contains_paid_content":false,"footnotes":""},"categories":[8],"tags":[],"class_list":["post-24531","post","type-post","status-publish","format-standard","has-post-thumbnail","hentry","category-region"],"jetpack_featured_media_url":"https:\/\/encuentroinformativo.com.mx\/wp-content\/uploads\/2022\/03\/079CDAA9-7F03-4DCE-9E69-9E623CB11C2C.jpeg","jetpack_sharing_enabled":true,"jetpack_likes_enabled":true,"amp_enabled":true,"_links":{"self":[{"href":"https:\/\/encuentroinformativo.com.mx\/index.php?rest_route=\/wp\/v2\/posts\/24531","targetHints":{"allow":["GET"]}}],"collection":[{"href":"https:\/\/encuentroinformativo.com.mx\/index.php?rest_route=\/wp\/v2\/posts"}],"about":[{"href":"https:\/\/encuentroinformativo.com.mx\/index.php?rest_route=\/wp\/v2\/types\/post"}],"author":[{"embeddable":true,"href":"https:\/\/encuentroinformativo.com.mx\/index.php?rest_route=\/wp\/v2\/users\/1"}],"replies":[{"embeddable":true,"href":"https:\/\/encuentroinformativo.com.mx\/index.php?rest_route=%2Fwp%2Fv2%2Fcomments&post=24531"}],"version-history":[{"count":1,"href":"https:\/\/encuentroinformativo.com.mx\/index.php?rest_route=\/wp\/v2\/posts\/24531\/revisions"}],"predecessor-version":[{"id":24533,"href":"https:\/\/encuentroinformativo.com.mx\/index.php?rest_route=\/wp\/v2\/posts\/24531\/revisions\/24533"}],"wp:featuredmedia":[{"embeddable":true,"href":"https:\/\/encuentroinformativo.com.mx\/index.php?rest_route=\/wp\/v2\/media\/24532"}],"wp:attachment":[{"href":"https:\/\/encuentroinformativo.com.mx\/index.php?rest_route=%2Fwp%2Fv2%2Fmedia&parent=24531"}],"wp:term":[{"taxonomy":"category","embeddable":true,"href":"https:\/\/encuentroinformativo.com.mx\/index.php?rest_route=%2Fwp%2Fv2%2Fcategories&post=24531"},{"taxonomy":"post_tag","embeddable":true,"href":"https:\/\/encuentroinformativo.com.mx\/index.php?rest_route=%2Fwp%2Fv2%2Ftags&post=24531"}],"curies":[{"name":"wp","href":"https:\/\/api.w.org\/{rel}","templated":true}]}}