{"id":24537,"date":"2022-03-10T12:45:28","date_gmt":"2022-03-10T18:45:28","guid":{"rendered":"https:\/\/encuentroinformativo.com.mx\/?p=24537"},"modified":"2022-03-10T12:45:32","modified_gmt":"2022-03-10T18:45:32","slug":"por-mala-integracion-de-carpetas-dejan-libre-a-acusado-de-violencia-domestica-afectada-teme-por-su-seguridad","status":"publish","type":"post","link":"https:\/\/encuentroinformativo.com.mx\/?p=24537","title":{"rendered":"Por mala integraci\u00f3n de carpetas dejan libre a acusado de violencia dom\u00e9stica; afectada teme por su seguridad"},"content":{"rendered":"\n<p><strong>Dar\u00edo Pale <\/strong><\/p>\n\n\n\n<p>Xalapa, Ver.- Denuncian p\u00fablicamente que debido a la mala integraci\u00f3n de la carpeta de investigaci\u00f3n por violencia intrafamiliar, por parte de la Fiscal\u00eda General del Estado, su vida corre peligro, as\u00ed lo dio a conocer la se\u00f1ora Zenaida Cendejas Landa.<\/p>\n\n\n\n<p>En entrevista se\u00f1al\u00f3 que, desde hace dos a\u00f1os present\u00f3 la denuncia, pero ahora resulta que su expareja, Mauro Ju\u00e1rez Quir\u00f3z, quien la golpe\u00f3 en varias ocasiones est\u00e1 en libertad, porque nunca fue procesado.<\/p>\n\n\n\n<p>La se\u00f1ora quien se desempe\u00f1a como empleada dom\u00e9stica, adem\u00e1s de que no sabe leer ni escribir, dijo que por 28 a\u00f1os aguant\u00f3 la violencia de su expareja.<\/p>\n\n\n\n<p>&#8220;La Fiscal\u00eda tard\u00f3 dos a\u00f1os en mandar la carpeta a Pacho, llegando a Pacho me dicen que todo fue un error de la Fiscal\u00eda, no entreg\u00f3 bien la carpeta, es una impotencia, un coraje, porque en d\u00f3nde est\u00e1 el apoyo para las mujeres v\u00edctimas de violencia&#8221;, se\u00f1al\u00f3.<\/p>\n\n\n\n<p>&#8220;En el 2018 denunci\u00e9 a mi expareja, en la Fiscal\u00eda de \u00darsulo Galv\u00e1n (con el fiscal Chirinos) y no me hicieron caso, s\u00f3lo se burlaron de mi, me dec\u00edan que s\u00ed me iban a apoyar y es la hora que no lo han hecho, llevaron la carpeta mal integrada a Pacho y todo se vino atr\u00e1s, es un coraje una impotencia&#8221;, agreg\u00f3.<\/p>\n\n\n\n<p>Por ello, pidi\u00f3 el apoyo a la administraci\u00f3n estatal porque &#8220;fui v\u00edctima de muchas cosas&#8221;, dijo que siempre tuvo miedo de denunciar y cuando se arm\u00f3 de valor resulta que no fue favorecida y teme por su vida.<\/p>\n\n\n\n<p>&#8220;Me golpe\u00f3 varias veces, ten\u00eda miedo de denunciar por esto que est\u00e1 pasando, no se vale, el coraje que me da es que con sacrificios compr\u00e9 mi casa y no s\u00e9 qu\u00e9 tiempo dure yo&#8221;, coment\u00f3.<\/p>\n\n\n\n<p>Finalmente cabe se\u00f1alar que la se\u00f1ora Zenaida tiene tres hijos ya mayores de edad y no viven en su casa debido a la violencia que ha sido v\u00edctima, ahora paga renta, algunas veces se ha quedado incluso a dormir debajo del puente Xallitic.<\/p>\n","protected":false},"excerpt":{"rendered":"<p>Dar\u00edo Pale Xalapa, Ver.- Denuncian p\u00fablicamente que debido a la mala integraci\u00f3n de la carpeta de investigaci\u00f3n por violencia intrafamiliar, por parte de la Fiscal\u00eda General del Estado, su vida corre peligro, as\u00ed lo dio a conocer la se\u00f1ora Zenaida Cendejas Landa. En entrevista se\u00f1al\u00f3 que, desde hace dos a\u00f1os present\u00f3 la denuncia, pero ahora [&hellip;]<\/p>\n","protected":false},"author":1,"featured_media":24538,"comment_status":"open","ping_status":"open","sticky":false,"template":"","format":"standard","meta":{"_jetpack_memberships_contains_paid_content":false,"footnotes":""},"categories":[3],"tags":[],"class_list":["post-24537","post","type-post","status-publish","format-standard","has-post-thumbnail","hentry","category-xalapa"],"jetpack_featured_media_url":"https:\/\/encuentroinformativo.com.mx\/wp-content\/uploads\/2022\/03\/165BFA92-31D2-42F1-8765-448C9F9217D1.jpeg","jetpack_sharing_enabled":true,"jetpack_likes_enabled":true,"amp_enabled":true,"_links":{"self":[{"href":"https:\/\/encuentroinformativo.com.mx\/index.php?rest_route=\/wp\/v2\/posts\/24537","targetHints":{"allow":["GET"]}}],"collection":[{"href":"https:\/\/encuentroinformativo.com.mx\/index.php?rest_route=\/wp\/v2\/posts"}],"about":[{"href":"https:\/\/encuentroinformativo.com.mx\/index.php?rest_route=\/wp\/v2\/types\/post"}],"author":[{"embeddable":true,"href":"https:\/\/encuentroinformativo.com.mx\/index.php?rest_route=\/wp\/v2\/users\/1"}],"replies":[{"embeddable":true,"href":"https:\/\/encuentroinformativo.com.mx\/index.php?rest_route=%2Fwp%2Fv2%2Fcomments&post=24537"}],"version-history":[{"count":1,"href":"https:\/\/encuentroinformativo.com.mx\/index.php?rest_route=\/wp\/v2\/posts\/24537\/revisions"}],"predecessor-version":[{"id":24539,"href":"https:\/\/encuentroinformativo.com.mx\/index.php?rest_route=\/wp\/v2\/posts\/24537\/revisions\/24539"}],"wp:featuredmedia":[{"embeddable":true,"href":"https:\/\/encuentroinformativo.com.mx\/index.php?rest_route=\/wp\/v2\/media\/24538"}],"wp:attachment":[{"href":"https:\/\/encuentroinformativo.com.mx\/index.php?rest_route=%2Fwp%2Fv2%2Fmedia&parent=24537"}],"wp:term":[{"taxonomy":"category","embeddable":true,"href":"https:\/\/encuentroinformativo.com.mx\/index.php?rest_route=%2Fwp%2Fv2%2Fcategories&post=24537"},{"taxonomy":"post_tag","embeddable":true,"href":"https:\/\/encuentroinformativo.com.mx\/index.php?rest_route=%2Fwp%2Fv2%2Ftags&post=24537"}],"curies":[{"name":"wp","href":"https:\/\/api.w.org\/{rel}","templated":true}]}}