{"id":24540,"date":"2022-03-10T13:20:17","date_gmt":"2022-03-10T19:20:17","guid":{"rendered":"https:\/\/encuentroinformativo.com.mx\/?p=24540"},"modified":"2022-03-10T13:20:20","modified_gmt":"2022-03-10T19:20:20","slug":"protestan-jubilados-de-telmex-por-afectaciones","status":"publish","type":"post","link":"https:\/\/encuentroinformativo.com.mx\/?p=24540","title":{"rendered":"Protestan jubilados de Telmex por afectaciones"},"content":{"rendered":"\n<p><strong>Dar\u00edo Pale <\/strong><\/p>\n\n\n\n<p>Xalapa, Ver.- \u00c1ngel Villela, integrante del sector de jubilados de la secci\u00f3n 17 del sindicato de Telefonistas de la Rep\u00fablica Mexicana, se manifestaron en el centro de la ciudad de Xalapa, porque los due\u00f1os de <em>American Mobile<\/em> lanzaron la red 5 G, pero desmantelaron Tel\u00e9fonos de M\u00e9xico.<\/p>\n\n\n\n<p>Entrevistado durante la manifestaci\u00f3n se\u00f1al\u00f3 que, \u201cse llevaron el rango de 3.5 gigagertz para poder dar ese servicio y eso le pertenec\u00eda a Telmex\u201d, por lo que aseguran que ello afecta tanto a activos como jubilados, porque los ingresos de Telmex disminuyen sus activos.<\/p>\n\n\n\n<p>&#8220;En d\u00edas pasados, los due\u00f1os de Am\u00e9rica M\u00f3vil, a la cual pertenece Telmex, anunciaron con bombo y platillo que lanzaban las redes de 5G que van a revolucionar las telecomunicaciones en muchos aspectos, lo que no dicen es que para lograr eso vaciaron Tel\u00e9fonos de M\u00e9xico, la desmantelaron pr\u00e1cticamente porque lo \u00faltimo que se llevaron fue el rango de 3.5 metahertz para poder dar servicio de la 5G&#8221;, se\u00f1al\u00f3.<\/p>\n\n\n\n<p>Lamentan que el due\u00f1o de Telmex no considere a los trabajadores de muchos a\u00f1os, que son los principales afectados porque incluso no pueden si quiera jubilarse.<\/p>\n\n\n\n<p>\u201cA nivel nacional son 30 mil afectados y en Veracruz aproximadamente 300, en Xalapa somos 300. Nos deben cerca de 15 mil vacantes sin cubrir\u201d.<\/p>\n\n\n\n<p>Aseguran que su sindicato a nivel nacional est\u00e1 haciendo nada para ayudarlos, por lo que decidieron manifestarse para que las autoridades laborales intervengan.<\/p>\n\n\n\n<p>&#8220;Nos afecta tanto a activos como jubilados porque como esto, los ingresos de Telmex han disminuido. Los que lo hicimos rico al se\u00f1or Slim fuimos los trabajadores de hace algunos a\u00f1os, cuando se privatiz\u00f3 la empresa&#8221;, coment\u00f3.<\/p>\n\n\n\n<p>Finalmente dieron a conocer que, &#8220;No ha habido cubrimiento de vacantes, por lo tanto no ha entrado personal de nuevo ingreso, no se han cubierto vacantes, nos deben cerca de 350&#8221;.<\/p>\n","protected":false},"excerpt":{"rendered":"<p>Dar\u00edo Pale Xalapa, Ver.- \u00c1ngel Villela, integrante del sector de jubilados de la secci\u00f3n 17 del sindicato de Telefonistas de la Rep\u00fablica Mexicana, se manifestaron en el centro de la ciudad de Xalapa, porque los due\u00f1os de American Mobile lanzaron la red 5 G, pero desmantelaron Tel\u00e9fonos de M\u00e9xico. Entrevistado durante la manifestaci\u00f3n se\u00f1al\u00f3 que, [&hellip;]<\/p>\n","protected":false},"author":1,"featured_media":24541,"comment_status":"open","ping_status":"open","sticky":false,"template":"","format":"standard","meta":{"_jetpack_memberships_contains_paid_content":false,"footnotes":""},"categories":[3],"tags":[],"class_list":["post-24540","post","type-post","status-publish","format-standard","has-post-thumbnail","hentry","category-xalapa"],"jetpack_featured_media_url":"https:\/\/encuentroinformativo.com.mx\/wp-content\/uploads\/2022\/03\/FB64F426-0F71-4C54-A264-B072BBDF3438.jpeg","jetpack_sharing_enabled":true,"jetpack_likes_enabled":true,"amp_enabled":true,"_links":{"self":[{"href":"https:\/\/encuentroinformativo.com.mx\/index.php?rest_route=\/wp\/v2\/posts\/24540","targetHints":{"allow":["GET"]}}],"collection":[{"href":"https:\/\/encuentroinformativo.com.mx\/index.php?rest_route=\/wp\/v2\/posts"}],"about":[{"href":"https:\/\/encuentroinformativo.com.mx\/index.php?rest_route=\/wp\/v2\/types\/post"}],"author":[{"embeddable":true,"href":"https:\/\/encuentroinformativo.com.mx\/index.php?rest_route=\/wp\/v2\/users\/1"}],"replies":[{"embeddable":true,"href":"https:\/\/encuentroinformativo.com.mx\/index.php?rest_route=%2Fwp%2Fv2%2Fcomments&post=24540"}],"version-history":[{"count":1,"href":"https:\/\/encuentroinformativo.com.mx\/index.php?rest_route=\/wp\/v2\/posts\/24540\/revisions"}],"predecessor-version":[{"id":24542,"href":"https:\/\/encuentroinformativo.com.mx\/index.php?rest_route=\/wp\/v2\/posts\/24540\/revisions\/24542"}],"wp:featuredmedia":[{"embeddable":true,"href":"https:\/\/encuentroinformativo.com.mx\/index.php?rest_route=\/wp\/v2\/media\/24541"}],"wp:attachment":[{"href":"https:\/\/encuentroinformativo.com.mx\/index.php?rest_route=%2Fwp%2Fv2%2Fmedia&parent=24540"}],"wp:term":[{"taxonomy":"category","embeddable":true,"href":"https:\/\/encuentroinformativo.com.mx\/index.php?rest_route=%2Fwp%2Fv2%2Fcategories&post=24540"},{"taxonomy":"post_tag","embeddable":true,"href":"https:\/\/encuentroinformativo.com.mx\/index.php?rest_route=%2Fwp%2Fv2%2Ftags&post=24540"}],"curies":[{"name":"wp","href":"https:\/\/api.w.org\/{rel}","templated":true}]}}