{"id":24547,"date":"2022-03-10T14:30:44","date_gmt":"2022-03-10T20:30:44","guid":{"rendered":"https:\/\/encuentroinformativo.com.mx\/?p=24547"},"modified":"2022-03-10T14:30:47","modified_gmt":"2022-03-10T20:30:47","slug":"sigue-problema-de-recoleccion-de-basura-en-coatepec","status":"publish","type":"post","link":"https:\/\/encuentroinformativo.com.mx\/?p=24547","title":{"rendered":"Sigue problema de recolecci\u00f3n de basura en Coatepec"},"content":{"rendered":"\n<p><strong>Juan Arcos <\/strong><\/p>\n\n\n\n<p>Coatepec, Ver.- Vecinos de Coatepec denunciaron que contin\u00faa el problema por la falta de recolecci\u00f3n de basura, pues las unidades compactadoras no han cubierto su ruta desde hace m\u00e1s de una semana en distintas zonas del Pueblo M\u00e1gico.<\/p>\n\n\n\n<p>Durante un recorrido se observ\u00f3 que hay montones de basura afueras de las casas y en las esquinas de las calles, en zonas como Los Carriles, la An\u00e1huac y hasta en calles del Centro Hist\u00f3rico, como Miguel Rebolledo.<\/p>\n\n\n\n<p>La gente pidi\u00f3 a las autoridades municipales que restablezcan el servicio lo antes posible, toda vez que los residuos s\u00f3lidos urbanos permanecen en la v\u00eda p\u00fablica, lo que representa un foco de infecci\u00f3n, sobre todo en esta pandemia por Sars-Cov2 (Covid-19).<\/p>\n\n\n\n<p>Manuel L\u00f3pez Ortiz, vecino de la colonia Los Carriles, indic\u00f3 que el cami\u00f3n no ha pasado desde hace m\u00e1s de una semana en dicha zona, lo que tambi\u00e9n da un mal aspecto al municipio, donde se han llevado a cabo diversas actividades para detonar el turismo.<\/p>\n\n\n\n<p>En dicha zona se ha observado que los perros en situaci\u00f3n de calle, en busca de comida, esparcen los montones de basura, quedando regados en la v\u00eda p\u00fablica.<\/p>\n\n\n\n<p>\u201cNo s\u00e9 c\u00f3mo la administraci\u00f3n, la falta de carros o falta de personal. Hace falta que se regularice el servicio\u201d, expres\u00f3 el adulto mayor.<\/p>\n\n\n\n<p>Por tal motivo, los pobladores reclamaron al ayuntamiento de Coatepec que resuelva el problema, pues ya han pasado tres meses de que inici\u00f3 la actual administraci\u00f3n y a\u00fan no hay resultados positivos en este tema.<\/p>\n","protected":false},"excerpt":{"rendered":"<p>Juan Arcos Coatepec, Ver.- Vecinos de Coatepec denunciaron que contin\u00faa el problema por la falta de recolecci\u00f3n de basura, pues las unidades compactadoras no han cubierto su ruta desde hace m\u00e1s de una semana en distintas zonas del Pueblo M\u00e1gico. Durante un recorrido se observ\u00f3 que hay montones de basura afueras de las casas y [&hellip;]<\/p>\n","protected":false},"author":1,"featured_media":24548,"comment_status":"open","ping_status":"open","sticky":false,"template":"","format":"standard","meta":{"_jetpack_memberships_contains_paid_content":false,"footnotes":""},"categories":[8],"tags":[],"class_list":["post-24547","post","type-post","status-publish","format-standard","has-post-thumbnail","hentry","category-region"],"jetpack_featured_media_url":"https:\/\/encuentroinformativo.com.mx\/wp-content\/uploads\/2022\/03\/64A22C4C-243B-4D2F-992F-8E1474B15A8C.jpeg","jetpack_sharing_enabled":true,"jetpack_likes_enabled":true,"amp_enabled":true,"_links":{"self":[{"href":"https:\/\/encuentroinformativo.com.mx\/index.php?rest_route=\/wp\/v2\/posts\/24547","targetHints":{"allow":["GET"]}}],"collection":[{"href":"https:\/\/encuentroinformativo.com.mx\/index.php?rest_route=\/wp\/v2\/posts"}],"about":[{"href":"https:\/\/encuentroinformativo.com.mx\/index.php?rest_route=\/wp\/v2\/types\/post"}],"author":[{"embeddable":true,"href":"https:\/\/encuentroinformativo.com.mx\/index.php?rest_route=\/wp\/v2\/users\/1"}],"replies":[{"embeddable":true,"href":"https:\/\/encuentroinformativo.com.mx\/index.php?rest_route=%2Fwp%2Fv2%2Fcomments&post=24547"}],"version-history":[{"count":1,"href":"https:\/\/encuentroinformativo.com.mx\/index.php?rest_route=\/wp\/v2\/posts\/24547\/revisions"}],"predecessor-version":[{"id":24549,"href":"https:\/\/encuentroinformativo.com.mx\/index.php?rest_route=\/wp\/v2\/posts\/24547\/revisions\/24549"}],"wp:featuredmedia":[{"embeddable":true,"href":"https:\/\/encuentroinformativo.com.mx\/index.php?rest_route=\/wp\/v2\/media\/24548"}],"wp:attachment":[{"href":"https:\/\/encuentroinformativo.com.mx\/index.php?rest_route=%2Fwp%2Fv2%2Fmedia&parent=24547"}],"wp:term":[{"taxonomy":"category","embeddable":true,"href":"https:\/\/encuentroinformativo.com.mx\/index.php?rest_route=%2Fwp%2Fv2%2Fcategories&post=24547"},{"taxonomy":"post_tag","embeddable":true,"href":"https:\/\/encuentroinformativo.com.mx\/index.php?rest_route=%2Fwp%2Fv2%2Ftags&post=24547"}],"curies":[{"name":"wp","href":"https:\/\/api.w.org\/{rel}","templated":true}]}}