{"id":2455,"date":"2020-05-11T12:45:58","date_gmt":"2020-05-11T17:45:58","guid":{"rendered":"https:\/\/encuentroinformativo.com\/?p=2455"},"modified":"2020-05-11T12:46:01","modified_gmt":"2020-05-11T17:46:01","slug":"medicos-mercantilistas-o-como-abrir-frentes-innecesarios-en-una-pandemia","status":"publish","type":"post","link":"https:\/\/encuentroinformativo.com.mx\/?p=2455","title":{"rendered":"M\u00c9DICOS &#8220;MERCANTILISTAS&#8221; O C\u00d3MO ABRIR FRENTES INNECESARIOS EN UNA PANDEMIA"},"content":{"rendered":"\n<ul class=\"wp-block-list\"><li>Ver\u00f3nica ser\u00e1 ratificada.<\/li><li>Reporteros jarochos preocupados.<\/li><li>V\u00edctor recorre Fort\u00edn.<\/li><\/ul>\n\n\n\n<p>Hubi\u00e9semos celebrado chido el D\u00eda de las Madres, pero a un chino se le ocurri\u00f3 comerse un murci\u00e9lago crudo.<br>\n&#8211;Chopenjawer<\/p>\n\n\n\n<p>Justo en plena pandemia del Covid-19, en un momento quiz\u00e1s muy \u00e1lgido, el presidente Andr\u00e9s Manuel L\u00f3pez Obrador lanz\u00f3 una declaraci\u00f3n muy desafortunada, innecesaria, que s\u00f3lo lo lleva a abrir un frente innecesario con el sector que menos deber\u00eda pelearse ahorita: el de los trabajadores de la salud.<\/p>\n\n\n\n<p>En la conferencia matutina del viernes, L\u00f3pez Obrador dijo que &#8220;antes los m\u00e9dicos \u00fanicamente buscaban enriquecerse&#8221;, pues estaban &#8220;a favor del mercantilismo&#8221;.<\/p>\n\n\n\n<p>Las declaraciones no pasaron por alto, as\u00ed hayan sido un comentario de esos que el presidente no se guarda porque su pecho no es bodega (aunque alguien podr\u00eda aconsejarle que, por su investidura, debiera tener un poco m\u00e1s de prudencia antes de lanzar se\u00f1alamientos tan a la ligera).<\/p>\n\n\n\n<p>En las recientes horas, varias organizaciones respondieron, y la verdad se deber\u00edan de tomar en cuenta las posturas, m\u00e1s all\u00e1 de que se vean colores o adversarios. Sencillamente, por donde se le vea, la declaraci\u00f3n es desafortunada e inoportuna.<\/p>\n\n\n\n<p>Por ejemplo, el Consejo Mexicano de Neum\u00f3logos Pediatras, rechaz\u00f3 en &#8220;forma en\u00e9rgica y tajante&#8221; lo que calific\u00f3 como &#8220;ofensivas e hirientes declaraciones emitidas por el presidente Andr\u00e9s Manuel L\u00f3pez Obrador&#8221;. A su vez, solicita una disculpa p\u00fablica y ejercer derecho de r\u00e9plica en una de las conferencias matutinas.<\/p>\n\n\n\n<p>La Sociedad Mexicana de Urolog\u00eda, v\u00eda redes sociales, se sum\u00f3 al rechazo en\u00e9rgico a las declaraciones vertidas por AMLO &#8220;al tiempo que las consideramos injustas por difamar la noble labor del gremio m\u00e9dico&#8221;, adem\u00e1s de exigir &#8220;respeto y reconocimiento que reivindique la incansable dedicaci\u00f3n de decenas de colegas que han perdido la vida&#8221;<\/p>\n\n\n\n<p>Por su parte, la Sociedad Mexicana de Otorrinolaringolog\u00eda, tambi\u00e9n v\u00eda redes sociales, lament\u00f3 &#8220;profundamente&#8221; la &#8220;desafortunada declaraci\u00f3n&#8221; del presidente. En este sentido, rechazaron esa postura que &#8220;denuesta y denigra el quehacer m\u00e9dico, fundamental en estos momentos de crisis sanitaria para el pa\u00eds, y denota una falta de sensibilidad y empat\u00eda en un contexto personal totalmente fuera de la realidad&#8221;.<\/p>\n\n\n\n<p>La Asociaci\u00f3n Mexicana de Vacunolog\u00eda envi\u00f3 un mensaje con un tono m\u00e1s elevado: &#8220;en vez de hacerles un reconocimiento como lo merecen, usted se atreve a vituperarlos con frases por dem\u00e1s carentes de verdad y evidentemente improvisadas en un momento, en el que la falta de ideas le hace expresar frases inadecuadas&#8221;.<\/p>\n\n\n\n<p>La Sociedad Mexicana de Pediatr\u00eda calific\u00f3 de &#8220;malintencionada&#8221; la declaraci\u00f3n del presidente y le solicita una disculpa p\u00fablica, pero adem\u00e1s exhorta a que en estos momentos no se generen m\u00e1s divisiones.<\/p>\n\n\n\n<p>M\u00e1s organizaciones se han sumado a trav\u00e9s de comunicados en el mismo sentido: rechazando la sentencia del presidente y resaltando que en estos momentos los trabajadores de la salud son los que se est\u00e1n exponiendo m\u00e1s a costa de su propia vida.<\/p>\n\n\n\n<p>Es cierto, no faltar\u00e1n (como en todo gremio, como el period\u00edstico o en la misma clase pol\u00edtica) los prietitos en el arroz por el cual pagan justos por pecadores. No se duda que puedan haber m\u00e9dicos que, sin \u00e9tica y poco profesionales, busquen hacer dinero como objetivo prioritario de su vida.<\/p>\n\n\n\n<p>Pero la neta: \u00bfpor qu\u00e9 un m\u00e9dico no puede aspirar a vivir bien en el contexto de ser un excelente profesional y ser humano? \u00bfTiene que vivir a fuerza en la &#8220;justa median\u00eda&#8221; que no es otra cosa m\u00e1s que una manera amable de decir clase media o jodida?<\/p>\n\n\n\n<p>Los m\u00e9dicos y enfermeras deben ganar bien y esta pandemia es la que m\u00e1s est\u00e1 demostrando cu\u00e1nto valen. Deber\u00edan de ganar m\u00e1s que un futbolista sobrevalorado, por ejemplo, de esos que abundan en eso que llaman futbol profesional que no es deporte, sino mero negocio donde tambi\u00e9n han habido versiones de lavado de dinero.<\/p>\n\n\n\n<p>\u00bfQu\u00e9 pasar\u00e1 si AMLO el d\u00eda de ma\u00f1ana se le ocurre visitar un hospital justo despu\u00e9s de hacer estas declaraciones? \u00bfLos m\u00e9dicos y enfermeras estar\u00e1n contentos con su visita luego de decirles mercantilistas?.<\/p>\n\n\n\n<p>Qu\u00e9 necesidad de abrir frentes a lo tonto, me cae.<\/p>\n\n\n\n<p><strong>NOTA PARA PEGAR EN EL REFRI: <\/strong>Este fin de semana lo coment\u00f3 este autor en el muy le\u00eddo diario Notiver y aqu\u00ed lo replico: todo apunta a que Ver\u00f3nica Hern\u00e1ndez Giad\u00e1ns ser\u00e1 ratificada en el cargo, pues ha sabido sortear varias dificultades, se\u00f1alamientos y obst\u00e1culos en su corta y mete\u00f3rica carrera como encargada de despacho de la FGE, adem\u00e1s de que no se ve que la c\u00fapula de MORENA tenga otros planes para instalar a otros personajes tanto en la Fiscal\u00eda General como en la Anticorrupci\u00f3n. Ser\u00eda un &#8220;Deus Ex Machina&#8221; muy inesperado &#8211;y de mucho poder, digamos, desde el Altiplano&#8211; el que cambiara el rumbo del futuro de la Fiscal\u00eda General de Veracruz. Al menos en Palacio de Gobierno no hay descontento con su labor, acude sin falta a las mesas de Construcci\u00f3n para la Paz que se realizan diario y su trabajo lo ha destacado el propio gobernador en casos de alto nivel, como el reciente asesinato de la periodista Mar\u00eda Elena Ferral, en Papantla, donde est\u00e1n involucrados los hermanos Picazo, de Coyutla.<\/p>\n\n\n\n<p><strong>OTRA NOTA: <\/strong>Que en el puerto de Veracruz hay reporteros preocupados porque luego que les sugirieron desde el Ayuntamiento de Veracruz que entrevistaran a la lideresa del mercado Hidalgo, Xochitl Avi\u00f1\u00f3n, para descartar casos de Covid-19 en dicho lugar, ahora que la se\u00f1ora ha fallecido de una sospechosa pulmon\u00eda, est\u00e1n pensando a ver si no era algo m\u00e1s contagioso.<\/p>\n\n\n\n<p><strong>LA \u00daLTIMA PORQUE YA HICIERON EFECTO LOS DE SUADERO: <\/strong>Por Fort\u00edn de las Flores, a quien se le ha visto s\u00faper movido, es al diputado V\u00edctor Vargas, profesor de profesi\u00f3n. Caminando discretamente por las calles, sin hacer tantas olas y sin tanto protagonismo, ha estado entregando apoyos a la poblaci\u00f3n, en especial a los locatarios del Mercado 3 de agosto, donde dio caretas de protecci\u00f3n.<br><\/p>\n\n\n\n<p><strong>@pablojair<\/strong><\/p>\n","protected":false},"excerpt":{"rendered":"<p>Ver\u00f3nica ser\u00e1 ratificada. Reporteros jarochos preocupados. V\u00edctor recorre Fort\u00edn. Hubi\u00e9semos celebrado chido el D\u00eda de las Madres, pero a un chino se le ocurri\u00f3 comerse un murci\u00e9lago crudo. &#8211;Chopenjawer Justo en plena pandemia del Covid-19, en un momento quiz\u00e1s muy \u00e1lgido, el presidente Andr\u00e9s Manuel L\u00f3pez Obrador lanz\u00f3 una declaraci\u00f3n muy desafortunada, innecesaria, que s\u00f3lo [&hellip;]<\/p>\n","protected":false},"author":1,"featured_media":488,"comment_status":"open","ping_status":"open","sticky":false,"template":"","format":"standard","meta":{"_jetpack_memberships_contains_paid_content":false,"footnotes":""},"categories":[11],"tags":[],"class_list":["post-2455","post","type-post","status-publish","format-standard","has-post-thumbnail","hentry","category-opinion"],"jetpack_featured_media_url":"https:\/\/encuentroinformativo.com.mx\/wp-content\/uploads\/2020\/03\/F471F608-BA1A-416B-BA7B-BCFB24F4E6D0.jpeg","jetpack_sharing_enabled":true,"jetpack_likes_enabled":true,"amp_enabled":true,"_links":{"self":[{"href":"https:\/\/encuentroinformativo.com.mx\/index.php?rest_route=\/wp\/v2\/posts\/2455","targetHints":{"allow":["GET"]}}],"collection":[{"href":"https:\/\/encuentroinformativo.com.mx\/index.php?rest_route=\/wp\/v2\/posts"}],"about":[{"href":"https:\/\/encuentroinformativo.com.mx\/index.php?rest_route=\/wp\/v2\/types\/post"}],"author":[{"embeddable":true,"href":"https:\/\/encuentroinformativo.com.mx\/index.php?rest_route=\/wp\/v2\/users\/1"}],"replies":[{"embeddable":true,"href":"https:\/\/encuentroinformativo.com.mx\/index.php?rest_route=%2Fwp%2Fv2%2Fcomments&post=2455"}],"version-history":[{"count":1,"href":"https:\/\/encuentroinformativo.com.mx\/index.php?rest_route=\/wp\/v2\/posts\/2455\/revisions"}],"predecessor-version":[{"id":2456,"href":"https:\/\/encuentroinformativo.com.mx\/index.php?rest_route=\/wp\/v2\/posts\/2455\/revisions\/2456"}],"wp:featuredmedia":[{"embeddable":true,"href":"https:\/\/encuentroinformativo.com.mx\/index.php?rest_route=\/wp\/v2\/media\/488"}],"wp:attachment":[{"href":"https:\/\/encuentroinformativo.com.mx\/index.php?rest_route=%2Fwp%2Fv2%2Fmedia&parent=2455"}],"wp:term":[{"taxonomy":"category","embeddable":true,"href":"https:\/\/encuentroinformativo.com.mx\/index.php?rest_route=%2Fwp%2Fv2%2Fcategories&post=2455"},{"taxonomy":"post_tag","embeddable":true,"href":"https:\/\/encuentroinformativo.com.mx\/index.php?rest_route=%2Fwp%2Fv2%2Ftags&post=2455"}],"curies":[{"name":"wp","href":"https:\/\/api.w.org\/{rel}","templated":true}]}}