{"id":24553,"date":"2022-03-10T16:49:26","date_gmt":"2022-03-10T22:49:26","guid":{"rendered":"https:\/\/encuentroinformativo.com.mx\/?p=24553"},"modified":"2022-03-10T17:00:51","modified_gmt":"2022-03-10T23:00:51","slug":"plagian-a-dos-elementos-de-migracion-boca-del-rio","status":"publish","type":"post","link":"https:\/\/encuentroinformativo.com.mx\/?p=24553","title":{"rendered":"Plagian a dos elementos de migraci\u00f3n en Boca del R\u00edo"},"content":{"rendered":"\n<p><strong>Alejandro \u00c1vila<\/strong><br><strong>Fotos: <\/strong>Carlos Navarrete\/Cortes\u00eda <\/p>\n\n\n\n<p>Boca del R\u00edo, Ver.- Intensa movilizaci\u00f3n policial, cierres y caos vial, se gener\u00f3 en la cabecera municipal de Boca del R\u00edo, tras el reporte de la privaci\u00f3n de la libertad de dos elementos del Instituto Nacional de Migraci\u00f3n (INM), la tarde de este jueves.<\/p>\n\n\n\n<p>Los primeros reportes se\u00f1alan que el personal del Instituto Nacional de Migraci\u00f3n realizaba un traslado de personas, cu\u00e1ndo a la altura de la iglesia Santa Ana fueron detenidos y privados de su libertad.<\/p>\n\n\n\n<p>Momentos m\u00e1s tarde y tras el reporte al n\u00famero de emergencia 911, se despleg\u00f3 un operativo y se bloque\u00f3 la circulaci\u00f3n sobre el bulevar Miguel Alem\u00e1n y las calles Independencia y Zaragoza, de la cabecera municipal de Boca del R\u00edo.<\/p>\n\n\n\n<p>Hasta el momento no habido un reporte oficial de las autoridades y la informaci\u00f3n se ha brindado de manera escueta; sin embargo, se pudo conocer que, la unidad oficial del Instituto Nacional de Migraci\u00f3n (INM) fue encontrada en una localidad del municipio de Alvarado kilometros m\u00e1s adelante.<\/p>\n\n\n\n<p>Los hechos ocurrieron alrededor de las 15:30 horas de este jueves, por lo que desde esa hora se gener\u00f3 un caos vial, toda vez que en ese punto convergen automovilistas que entran y salen a los municipios de Medell\u00edn de Bravo, Alvarado y Boca del R\u00edo.<\/p>\n\n\n\n<figure class=\"wp-block-image size-large\"><img loading=\"lazy\" decoding=\"async\" width=\"1024\" height=\"647\" src=\"https:\/\/encuentroinformativo.com.mx\/wp-content\/uploads\/2022\/03\/85EB91AF-0872-4830-BEBD-44193281414B-1024x647.jpeg\" alt=\"\" class=\"wp-image-24555\" srcset=\"https:\/\/encuentroinformativo.com.mx\/wp-content\/uploads\/2022\/03\/85EB91AF-0872-4830-BEBD-44193281414B-1024x647.jpeg 1024w, https:\/\/encuentroinformativo.com.mx\/wp-content\/uploads\/2022\/03\/85EB91AF-0872-4830-BEBD-44193281414B-300x190.jpeg 300w, https:\/\/encuentroinformativo.com.mx\/wp-content\/uploads\/2022\/03\/85EB91AF-0872-4830-BEBD-44193281414B-768x485.jpeg 768w, https:\/\/encuentroinformativo.com.mx\/wp-content\/uploads\/2022\/03\/85EB91AF-0872-4830-BEBD-44193281414B.jpeg 1329w\" sizes=\"auto, (max-width: 1024px) 100vw, 1024px\" \/><\/figure>\n","protected":false},"excerpt":{"rendered":"<p>Alejandro \u00c1vilaFotos: Carlos Navarrete\/Cortes\u00eda Boca del R\u00edo, Ver.- Intensa movilizaci\u00f3n policial, cierres y caos vial, se gener\u00f3 en la cabecera municipal de Boca del R\u00edo, tras el reporte de la privaci\u00f3n de la libertad de dos elementos del Instituto Nacional de Migraci\u00f3n (INM), la tarde de este jueves. Los primeros reportes se\u00f1alan que el personal [&hellip;]<\/p>\n","protected":false},"author":1,"featured_media":24554,"comment_status":"open","ping_status":"open","sticky":false,"template":"","format":"standard","meta":{"_jetpack_memberships_contains_paid_content":false,"footnotes":""},"categories":[2],"tags":[],"class_list":["post-24553","post","type-post","status-publish","format-standard","has-post-thumbnail","hentry","category-estado"],"jetpack_featured_media_url":"https:\/\/encuentroinformativo.com.mx\/wp-content\/uploads\/2022\/03\/CAF2A510-E053-4768-B58A-AA085D5853F3.jpeg","jetpack_sharing_enabled":true,"jetpack_likes_enabled":true,"amp_enabled":true,"_links":{"self":[{"href":"https:\/\/encuentroinformativo.com.mx\/index.php?rest_route=\/wp\/v2\/posts\/24553","targetHints":{"allow":["GET"]}}],"collection":[{"href":"https:\/\/encuentroinformativo.com.mx\/index.php?rest_route=\/wp\/v2\/posts"}],"about":[{"href":"https:\/\/encuentroinformativo.com.mx\/index.php?rest_route=\/wp\/v2\/types\/post"}],"author":[{"embeddable":true,"href":"https:\/\/encuentroinformativo.com.mx\/index.php?rest_route=\/wp\/v2\/users\/1"}],"replies":[{"embeddable":true,"href":"https:\/\/encuentroinformativo.com.mx\/index.php?rest_route=%2Fwp%2Fv2%2Fcomments&post=24553"}],"version-history":[{"count":2,"href":"https:\/\/encuentroinformativo.com.mx\/index.php?rest_route=\/wp\/v2\/posts\/24553\/revisions"}],"predecessor-version":[{"id":24557,"href":"https:\/\/encuentroinformativo.com.mx\/index.php?rest_route=\/wp\/v2\/posts\/24553\/revisions\/24557"}],"wp:featuredmedia":[{"embeddable":true,"href":"https:\/\/encuentroinformativo.com.mx\/index.php?rest_route=\/wp\/v2\/media\/24554"}],"wp:attachment":[{"href":"https:\/\/encuentroinformativo.com.mx\/index.php?rest_route=%2Fwp%2Fv2%2Fmedia&parent=24553"}],"wp:term":[{"taxonomy":"category","embeddable":true,"href":"https:\/\/encuentroinformativo.com.mx\/index.php?rest_route=%2Fwp%2Fv2%2Fcategories&post=24553"},{"taxonomy":"post_tag","embeddable":true,"href":"https:\/\/encuentroinformativo.com.mx\/index.php?rest_route=%2Fwp%2Fv2%2Ftags&post=24553"}],"curies":[{"name":"wp","href":"https:\/\/api.w.org\/{rel}","templated":true}]}}