{"id":24558,"date":"2022-03-10T17:35:35","date_gmt":"2022-03-10T23:35:35","guid":{"rendered":"https:\/\/encuentroinformativo.com.mx\/?p=24558"},"modified":"2022-03-10T17:35:38","modified_gmt":"2022-03-10T23:35:38","slug":"trabaja-diputada-en-el-impulso-a-la-vainilla-veracruzana","status":"publish","type":"post","link":"https:\/\/encuentroinformativo.com.mx\/?p=24558","title":{"rendered":"Trabaja diputada en el impulso a la vainilla veracruzana"},"content":{"rendered":"\n<p><strong>*Prev\u00e9 la reactivaci\u00f3n del Consejo Regulador de la Vainilla en Veracruz.<\/strong><\/p>\n\n\n\n<p>Xalapa, Ver.- Con la finalidad de recuperar el posicionamiento de la vainilla veracruzana a nivel nacional e internacional, la diputada Citlali Medell\u00edn Careaga sostuvo una reuni\u00f3n con representantes del Poder Ejecutivo, productores, investigadores y acad\u00e9micos para buscar la reactivaci\u00f3n del Consejo Regulador de la Vainilla en Veracruz, que permita la certificaci\u00f3n de este producto y la regularizaci\u00f3n de los precios.<\/p>\n\n\n\n<p>En entrevista, la presidenta de la Comisi\u00f3n Permanente de Desarrollo y Fortalecimiento Municipal indic\u00f3 que, a trav\u00e9s de la certificaci\u00f3n de productos terminados derivados de este fruto veracruzano, podr\u00e1 reactivarse la econom\u00eda a partir del campo y recuperar la posici\u00f3n que a Veracruz le corresponde, la denominaci\u00f3n de origen de la vainilla.<\/p>\n\n\n\n<p>Para tal fin, destac\u00f3 la legisladora, es necesaria la colaboraci\u00f3n de la Secretar\u00eda de Desarrollo Econ\u00f3mico y Portuario (Sedecop), para que, a trav\u00e9s de asesor\u00edas y acompa\u00f1amiento, apoye a agroindustriales de la vainilla y cuenten as\u00ed con los requisitos necesarios para acceder al sello \u201cHecho en Veracruz\u201d, el cual les permitir\u00e1 promocionar, exportar y comercializar sus productos a gran escala.<\/p>\n\n\n\n<p>Explic\u00f3 que, desde el Poder Legislativo, se dar\u00e1 a la tarea de impulsar, a trav\u00e9s de los trabajos conducentes, para que el 16 de diciembre sea declarado como D\u00eda Nacional de la Vainilla. Asimismo, iniciar los tr\u00e1mites para la creaci\u00f3n de la Comisi\u00f3n Especial de la Vainilla de esta LXVI Legislatura, la cual d\u00e9 seguimiento y apoyo a este sector.<\/p>\n\n\n\n<p>\u201cRequerimos de la mano del Ejecutivo y estoy segura que el Gobernador estar\u00e1 muy interesado en promover estas acciones\u201d, subray\u00f3 la diputada, al tiempo que, detall\u00f3, aunado al trabajo coordinado con la Sedecop, tambi\u00e9n se involucrar\u00e1 la Secretar\u00eda de Desarrollo Agropecuario, Rural y Pesca (Sedarpa), la Universidad Veracruzana (UV) y dem\u00e1s dependencias relacionadas con la materia.<\/p>\n\n\n\n<p>Anunci\u00f3 que pr\u00f3ximamente se realizar\u00e1 una reuni\u00f3n con autoridades estatales, municipales y productores de vainilla de la regi\u00f3n del Totonacapan para dar continuidad y alcanzar los objetivos planteados.<\/p>\n\n\n\n<p>En esta mesa de trabajo estuvieron presentes por parte de la Sedecop, el Subsecretario de Industria, Atracci\u00f3n de Inversiones, Comercio Exterior y Proyectos Estrat\u00e9gicos, Ricardo Enrique Mancisidor Landa, y el Director de Comercio Exterior, Gestor\u00eda y Apoyo al Desarrollo Industrial, Luis Manuel Cuevas Padilla; adem\u00e1s del Coordinador del \u00c1rea Socioecon\u00f3mica de la Facultad de Ciencias Agr\u00edcolas de la UV, Guillermo Alafita V\u00e1squez.<\/p>\n\n\n\n<p>Tambi\u00e9n, la integrante del Comit\u00e9 Sistema Producto Nacional de la Vainilla A.C., Adriana Aparicio Gaya, la productora y propietaria de la marca \u201cCosecha totonaca\u201d, Lizbeth In\u00e9s Jim\u00e9nez Garc\u00eda, as\u00ed como asesores y personal administrativo del Congreso del Estado.<\/p>\n","protected":false},"excerpt":{"rendered":"<p>*Prev\u00e9 la reactivaci\u00f3n del Consejo Regulador de la Vainilla en Veracruz. Xalapa, Ver.- Con la finalidad de recuperar el posicionamiento de la vainilla veracruzana a nivel nacional e internacional, la diputada Citlali Medell\u00edn Careaga sostuvo una reuni\u00f3n con representantes del Poder Ejecutivo, productores, investigadores y acad\u00e9micos para buscar la reactivaci\u00f3n del Consejo Regulador de la [&hellip;]<\/p>\n","protected":false},"author":1,"featured_media":24559,"comment_status":"open","ping_status":"open","sticky":false,"template":"","format":"standard","meta":{"_jetpack_memberships_contains_paid_content":false,"footnotes":""},"categories":[2],"tags":[],"class_list":["post-24558","post","type-post","status-publish","format-standard","has-post-thumbnail","hentry","category-estado"],"jetpack_featured_media_url":"https:\/\/encuentroinformativo.com.mx\/wp-content\/uploads\/2022\/03\/E41A79E2-BD82-4EB3-A279-C33DDAA92F8D.jpeg","jetpack_sharing_enabled":true,"jetpack_likes_enabled":true,"amp_enabled":true,"_links":{"self":[{"href":"https:\/\/encuentroinformativo.com.mx\/index.php?rest_route=\/wp\/v2\/posts\/24558","targetHints":{"allow":["GET"]}}],"collection":[{"href":"https:\/\/encuentroinformativo.com.mx\/index.php?rest_route=\/wp\/v2\/posts"}],"about":[{"href":"https:\/\/encuentroinformativo.com.mx\/index.php?rest_route=\/wp\/v2\/types\/post"}],"author":[{"embeddable":true,"href":"https:\/\/encuentroinformativo.com.mx\/index.php?rest_route=\/wp\/v2\/users\/1"}],"replies":[{"embeddable":true,"href":"https:\/\/encuentroinformativo.com.mx\/index.php?rest_route=%2Fwp%2Fv2%2Fcomments&post=24558"}],"version-history":[{"count":1,"href":"https:\/\/encuentroinformativo.com.mx\/index.php?rest_route=\/wp\/v2\/posts\/24558\/revisions"}],"predecessor-version":[{"id":24560,"href":"https:\/\/encuentroinformativo.com.mx\/index.php?rest_route=\/wp\/v2\/posts\/24558\/revisions\/24560"}],"wp:featuredmedia":[{"embeddable":true,"href":"https:\/\/encuentroinformativo.com.mx\/index.php?rest_route=\/wp\/v2\/media\/24559"}],"wp:attachment":[{"href":"https:\/\/encuentroinformativo.com.mx\/index.php?rest_route=%2Fwp%2Fv2%2Fmedia&parent=24558"}],"wp:term":[{"taxonomy":"category","embeddable":true,"href":"https:\/\/encuentroinformativo.com.mx\/index.php?rest_route=%2Fwp%2Fv2%2Fcategories&post=24558"},{"taxonomy":"post_tag","embeddable":true,"href":"https:\/\/encuentroinformativo.com.mx\/index.php?rest_route=%2Fwp%2Fv2%2Ftags&post=24558"}],"curies":[{"name":"wp","href":"https:\/\/api.w.org\/{rel}","templated":true}]}}