{"id":24561,"date":"2022-03-10T17:39:40","date_gmt":"2022-03-10T23:39:40","guid":{"rendered":"https:\/\/encuentroinformativo.com.mx\/?p=24561"},"modified":"2022-03-10T17:39:43","modified_gmt":"2022-03-10T23:39:43","slug":"convoca-diputado-a-mejorar-desempeno-de-las-administraciones-municipales","status":"publish","type":"post","link":"https:\/\/encuentroinformativo.com.mx\/?p=24561","title":{"rendered":"Convoca Diputado a mejorar desempe\u00f1o de las administraciones municipales"},"content":{"rendered":"\n<p><strong>*Participa Luis Arturo Santiago en la jornada de capacitaci\u00f3n, organizada por la Contralor\u00eda General y el Invedem, dirigida a ediles, tesoreros y directores de obras p\u00fablicas.<\/strong><\/p>\n\n\n\n<p>Xalapa, Ver.- Con una invitaci\u00f3n a la suma de esfuerzos interinstitucionales para mejorar el desempe\u00f1o de las administraciones municipales y as\u00ed dar logros a las y los ciudadanos, el presidente de la Comisi\u00f3n Permanente de Vigilancia de la LXVI Legislatura, diputado Luis Arturo Santiago Mart\u00ednez, dio la bienvenida a ediles que participaron en la Jornada de Capacitaci\u00f3n para el Control Interno y la Vigilancia de la Hacienda P\u00fablica para el Desarrollo Municipal, celebrado este 10 de marzo en el municipio de Emiliano Zapata.<\/p>\n\n\n\n<p>Al lado del presidente de la Junta de Coordinaci\u00f3n Pol\u00edtica de este Congreso, diputado Juan Javier G\u00f3mez Cazar\u00edn; de la titular de la Contralor\u00eda General del Estado (CGE), Mercedes Santoyo Dom\u00ednguez, y del director general del Instituto Veracruzano de Desarrollo Municipal (Invedem), Rafael Alejandro Castillo Zugasti, el legislador destac\u00f3 la importancia de fortalecer las capacidades de los servidores p\u00fablicos municipales, a fin de hacer frente a los compromisos en materia de fiscalizaci\u00f3n y rendici\u00f3n de cuentas.<\/p>\n\n\n\n<p>En el mensaje que dirigi\u00f3 a las y los presidentes municipales, el Diputado dijo que la Comisi\u00f3n Permanente de Vigilancia del Congreso del Estado mantiene una pol\u00edtica de puertas abiertas con las autoridades de los diversos ayuntamientos para asesorarlos cuando as\u00ed se requiera en temas como la adecuada integraci\u00f3n de la Cuenta P\u00fablica y el cumplimiento de entrega de informaci\u00f3n, mensual o bimestral, ante el Poder Legislativo y que la misma ley prev\u00e9.<\/p>\n\n\n\n<p>Agreg\u00f3 que, con el apoyo de la Secretar\u00eda de Fiscalizaci\u00f3n, se realizan durante el a\u00f1o las auditor\u00edas preventivas para corregir y, en su caso, evitar que las cuentas p\u00fablicas se conviertan en presunto da\u00f1o patrimonial.<\/p>\n\n\n\n<p>Asimismo, inform\u00f3 que actualmente est\u00e1n siendo revisadas las actas de entrega-recepci\u00f3n para identificar responsabilidades y que atienden las denuncias y quejas de funcionarios y ciudadanos contra ediles y su actuar en la administraci\u00f3n p\u00fablica municipal actual.<\/p>\n\n\n\n<p>Por otra parte, el legislador Santiago Mart\u00ednez exhort\u00f3 respetuosamente a las y los titulares de los \u00d3rganos Internos de Control municipales a realizar funciones preventivas y ejercicios internos de auditor\u00edas sobre la legalidad y de desempe\u00f1o con base en los objetivos de su Plan Municipal de Desarrollo.<\/p>\n\n\n\n<p>Concluidas sus palabras, inici\u00f3 esta jornada de capacitaci\u00f3n, a cargo de la contralora Mercedes Santoyo Dom\u00ednguez, quien present\u00f3 los temas relacionados con las declaraciones patrimoniales, la ruta de solventaci\u00f3n de la Cuenta P\u00fablica 2021 y la inducci\u00f3n y los beneficios de la Comisi\u00f3n Permanente de Contralores Estado-Municipios.<\/p>\n","protected":false},"excerpt":{"rendered":"<p>*Participa Luis Arturo Santiago en la jornada de capacitaci\u00f3n, organizada por la Contralor\u00eda General y el Invedem, dirigida a ediles, tesoreros y directores de obras p\u00fablicas. Xalapa, Ver.- Con una invitaci\u00f3n a la suma de esfuerzos interinstitucionales para mejorar el desempe\u00f1o de las administraciones municipales y as\u00ed dar logros a las y los ciudadanos, el [&hellip;]<\/p>\n","protected":false},"author":1,"featured_media":24562,"comment_status":"open","ping_status":"open","sticky":false,"template":"","format":"standard","meta":{"_jetpack_memberships_contains_paid_content":false,"footnotes":""},"categories":[2],"tags":[],"class_list":["post-24561","post","type-post","status-publish","format-standard","has-post-thumbnail","hentry","category-estado"],"jetpack_featured_media_url":"https:\/\/encuentroinformativo.com.mx\/wp-content\/uploads\/2022\/03\/A9D240BD-1DC0-431C-8274-DA2476D1279D.jpeg","jetpack_sharing_enabled":true,"jetpack_likes_enabled":true,"amp_enabled":true,"_links":{"self":[{"href":"https:\/\/encuentroinformativo.com.mx\/index.php?rest_route=\/wp\/v2\/posts\/24561","targetHints":{"allow":["GET"]}}],"collection":[{"href":"https:\/\/encuentroinformativo.com.mx\/index.php?rest_route=\/wp\/v2\/posts"}],"about":[{"href":"https:\/\/encuentroinformativo.com.mx\/index.php?rest_route=\/wp\/v2\/types\/post"}],"author":[{"embeddable":true,"href":"https:\/\/encuentroinformativo.com.mx\/index.php?rest_route=\/wp\/v2\/users\/1"}],"replies":[{"embeddable":true,"href":"https:\/\/encuentroinformativo.com.mx\/index.php?rest_route=%2Fwp%2Fv2%2Fcomments&post=24561"}],"version-history":[{"count":1,"href":"https:\/\/encuentroinformativo.com.mx\/index.php?rest_route=\/wp\/v2\/posts\/24561\/revisions"}],"predecessor-version":[{"id":24563,"href":"https:\/\/encuentroinformativo.com.mx\/index.php?rest_route=\/wp\/v2\/posts\/24561\/revisions\/24563"}],"wp:featuredmedia":[{"embeddable":true,"href":"https:\/\/encuentroinformativo.com.mx\/index.php?rest_route=\/wp\/v2\/media\/24562"}],"wp:attachment":[{"href":"https:\/\/encuentroinformativo.com.mx\/index.php?rest_route=%2Fwp%2Fv2%2Fmedia&parent=24561"}],"wp:term":[{"taxonomy":"category","embeddable":true,"href":"https:\/\/encuentroinformativo.com.mx\/index.php?rest_route=%2Fwp%2Fv2%2Fcategories&post=24561"},{"taxonomy":"post_tag","embeddable":true,"href":"https:\/\/encuentroinformativo.com.mx\/index.php?rest_route=%2Fwp%2Fv2%2Ftags&post=24561"}],"curies":[{"name":"wp","href":"https:\/\/api.w.org\/{rel}","templated":true}]}}