{"id":24565,"date":"2022-03-11T09:19:29","date_gmt":"2022-03-11T15:19:29","guid":{"rendered":"https:\/\/encuentroinformativo.com.mx\/?p=24565"},"modified":"2022-03-11T09:19:33","modified_gmt":"2022-03-11T15:19:33","slug":"fratricidio-moreno","status":"publish","type":"post","link":"https:\/\/encuentroinformativo.com.mx\/?p=24565","title":{"rendered":"Fratricidio moreno"},"content":{"rendered":"\n<p><strong>Los Pol\u00edticos<\/strong><\/p>\n\n\n\n<p><strong>Salvador Mu\u00f1oz<\/strong><\/p>\n\n\n\n<p>Jos\u00e9 Manuel del R\u00edo Virgen es un caso singular que bien podr\u00eda acabar en un fratricidio, el caso, por supuesto; y fratricidio pol\u00edtico, por supuesto. Hablamos del Kramer vs Kramer de los morenos; el Abel y Ca\u00edn de la Cuarta Transformaci\u00f3n; o el R\u00f3mulo y Remo del Pueblo Bueno y Sabio\u2026<\/p>\n\n\n\n<p>Siendo m\u00e1s dr\u00e1sticos, podr\u00edamos parafrasear el Universo 25 del cient\u00edfico John Calhoun y el experimento de sus ratones, que acab\u00f3 en la autodestrucci\u00f3n de los roedores cuando vieron mermadas sus fuentes de alimento y la poblaci\u00f3n creci\u00f3 en hacinamiento\u2026 ac\u00e1, el canibalismo de Morena es por \u201cla invasi\u00f3n de cotos de poder\u201d porque en eso han convertido la gobernanza\u2026 o parafraseando las pel\u00edculas del viejo oeste: en este partido no cabemos t\u00fa y yo\u2026 alguien tiene que morir.<\/p>\n\n\n\n<p>Ricardo Monreal cita que acudieron a las instancias federales porque no conf\u00eda en las autoridades estatales de Veracruz\u2026<\/p>\n\n\n\n<p>Por su parte, Cuitl\u00e1huac Garc\u00eda responde que el amparo de Jos\u00e9 Manuel del R\u00edo Virgen que podr\u00eda ponerlo fuera de prisi\u00f3n, es motivado por ser amigo de \u201cinfluyentes en el Senado\u201d.<\/p>\n\n\n\n<p>A simple vista, uno pudiera creer que en medio de esta pugna entre morenos, en este fuego cruzado, queda Del R\u00edo Virgen\u2026 en lo particular, no creo\u2026<\/p>\n\n\n\n<p>A lo mejor Cuitl\u00e1huac Garc\u00eda y Ricardo Monreal no perciban que su lucha fratricida pol\u00edtica no s\u00f3lo genera \u201ccarnita\u201d para la prensa, sino que en la poblaci\u00f3n puede generar m\u00e1s desencanto en el pol\u00edtico y quiz\u00e1s en la impartici\u00f3n de justicia.<\/p>\n\n\n\n<p>Es cierto, la resoluci\u00f3n de jueces nunca va a tener contento a la totalidad: la sentencia contra el acusado ser\u00e1 bien recibida por la v\u00edctima pero no as\u00ed por el victimario\u2026 o al rev\u00e9s: sentencia a favor del acusado, es motivo de indignaci\u00f3n de las v\u00edctimas.<\/p>\n\n\n\n<p>Pero el hecho de que tanto uno como otro despotrique contra el poder judicial en cualquiera de sus \u00e1mbitos, merma en el sentir social\u2026 digo, si \u00e9se es el objetivo, pues lo est\u00e1n haciendo bien\u2026<\/p>\n\n\n\n<p>Por supuesto, estos se\u00f1alamientos no son exclusivos de Morena\u2026 en el PAN similar caso se viene viviendo desde que se disputan la dirigencia del partido\u2026 hay una buena actuaci\u00f3n por parte de los Magistrados como la hay tambi\u00e9n mala de los Magistrados\u2026 en el simplismo de quienes no tenemos vela en el entierro de ninguno de estos fratricidios pol\u00edticos, entendemos que la percepci\u00f3n es de acuerdo a como a cada quien de los actores le va en la feria\u2026<\/p>\n\n\n\n<p>El asunto es que si ya tenemos una p\u00e9sima percepci\u00f3n de los pol\u00edticos, de los diputados, de nuestras autoridades, \u00bfpor qu\u00e9 \u00e9stos fomentan que crezca m\u00e1s la mala imagen que se tiene de ellos mismos?<\/p>\n\n\n\n<p>Es simple\u2026 la disputa por el poder es m\u00e1s fuerte que darle discreci\u00f3n a su lengua, porque es preferible morder a su camarada que a su lengua\u2026<\/p>\n\n\n\n<p>Al final, quien ten\u00eda que hablar del amparo concedido a Del Virgen por ser la principal \u201cafectada\u201d (es un decir) en su trabajo, es la Fiscal Ver\u00f3nica Hern\u00e1ndez Giad\u00e1ns, que bien puede echarse todo el rollo que quiera, pero todo debi\u00f3 resumirlo en que impugnar\u00e1 con recurso de revisi\u00f3n la decisi\u00f3n del Juez federal\u2026 y ya que le gusta el rollo, de paso pedirle a Cuitl\u00e1huac que deje de hacerle al vocero de la Fiscal\u00eda, porque ya no se sabe en este fratricidio moreno, qui\u00e9n est\u00e1 subordinado a qui\u00e9n: si Cuitl\u00e1huac como jefe de Prensa de Vero\u2026 o Vero como empleada de Gobierno del Estado\u2026<\/p>\n\n\n\n<p><a href=\"mailto:smcainito@gmail.com\" target=\"_blank\" rel=\"noreferrer noopener\">smcainito@gmail.com<\/a>&nbsp;<\/p>\n","protected":false},"excerpt":{"rendered":"<p>Los Pol\u00edticos Salvador Mu\u00f1oz Jos\u00e9 Manuel del R\u00edo Virgen es un caso singular que bien podr\u00eda acabar en un fratricidio, el caso, por supuesto; y fratricidio pol\u00edtico, por supuesto. Hablamos del Kramer vs Kramer de los morenos; el Abel y Ca\u00edn de la Cuarta Transformaci\u00f3n; o el R\u00f3mulo y Remo del Pueblo Bueno y Sabio\u2026 [&hellip;]<\/p>\n","protected":false},"author":1,"featured_media":387,"comment_status":"open","ping_status":"open","sticky":false,"template":"","format":"standard","meta":{"_jetpack_memberships_contains_paid_content":false,"footnotes":""},"categories":[11],"tags":[],"class_list":["post-24565","post","type-post","status-publish","format-standard","has-post-thumbnail","hentry","category-opinion"],"jetpack_featured_media_url":"https:\/\/encuentroinformativo.com.mx\/wp-content\/uploads\/2020\/03\/7CF8A22B-2764-47BE-8F7F-38FE9E5D6A2F.jpeg","jetpack_sharing_enabled":true,"jetpack_likes_enabled":true,"amp_enabled":true,"_links":{"self":[{"href":"https:\/\/encuentroinformativo.com.mx\/index.php?rest_route=\/wp\/v2\/posts\/24565","targetHints":{"allow":["GET"]}}],"collection":[{"href":"https:\/\/encuentroinformativo.com.mx\/index.php?rest_route=\/wp\/v2\/posts"}],"about":[{"href":"https:\/\/encuentroinformativo.com.mx\/index.php?rest_route=\/wp\/v2\/types\/post"}],"author":[{"embeddable":true,"href":"https:\/\/encuentroinformativo.com.mx\/index.php?rest_route=\/wp\/v2\/users\/1"}],"replies":[{"embeddable":true,"href":"https:\/\/encuentroinformativo.com.mx\/index.php?rest_route=%2Fwp%2Fv2%2Fcomments&post=24565"}],"version-history":[{"count":1,"href":"https:\/\/encuentroinformativo.com.mx\/index.php?rest_route=\/wp\/v2\/posts\/24565\/revisions"}],"predecessor-version":[{"id":24566,"href":"https:\/\/encuentroinformativo.com.mx\/index.php?rest_route=\/wp\/v2\/posts\/24565\/revisions\/24566"}],"wp:featuredmedia":[{"embeddable":true,"href":"https:\/\/encuentroinformativo.com.mx\/index.php?rest_route=\/wp\/v2\/media\/387"}],"wp:attachment":[{"href":"https:\/\/encuentroinformativo.com.mx\/index.php?rest_route=%2Fwp%2Fv2%2Fmedia&parent=24565"}],"wp:term":[{"taxonomy":"category","embeddable":true,"href":"https:\/\/encuentroinformativo.com.mx\/index.php?rest_route=%2Fwp%2Fv2%2Fcategories&post=24565"},{"taxonomy":"post_tag","embeddable":true,"href":"https:\/\/encuentroinformativo.com.mx\/index.php?rest_route=%2Fwp%2Fv2%2Ftags&post=24565"}],"curies":[{"name":"wp","href":"https:\/\/api.w.org\/{rel}","templated":true}]}}