{"id":24567,"date":"2022-03-11T10:07:17","date_gmt":"2022-03-11T16:07:17","guid":{"rendered":"https:\/\/encuentroinformativo.com.mx\/?p=24567"},"modified":"2022-03-11T10:07:20","modified_gmt":"2022-03-11T16:07:20","slug":"reparan-monumento-a-la-mujer-xiquena-fue-danado-en-marchas","status":"publish","type":"post","link":"https:\/\/encuentroinformativo.com.mx\/?p=24567","title":{"rendered":"Reparan monumento a la mujer xique\u00f1a; fue da\u00f1ado en marchas"},"content":{"rendered":"\n<p><strong>Juan Arcos<\/strong> <\/p>\n\n\n\n<p>Xico, Ver.- El Monumento a la Mujer Xique\u00f1a Cortadora de Caf\u00e9, una obra del artista Teodoro Cano Garc\u00eda, fue vandalizado en pleno 8 de marzo, D\u00eda Internacional de la Mujer, por un sujeto que aparentemente estaba drogado.<\/p>\n\n\n\n<p>As\u00ed lo dio a conocer la regidora primera de Xico, Altagracia del Carmen Tlaxcalteco, quien adem\u00e1s indic\u00f3 que el hombre le arranc\u00f3 la cabeza a la escultura para posteriormente arrojarla a un canal de aguas negras.<\/p>\n\n\n\n<p>La funcionaria municipal lament\u00f3 estos hechos e inform\u00f3 que el sujeto no fue encarcelado, debido a que se encontraban en estado inconveniente por sobredosis y tem\u00edan que algo le ocurriera al interior de los separos.<\/p>\n\n\n\n<p>\u201cSe trat\u00f3 de una persona en estado inconveniente y se determin\u00f3 no proceder a que lo encarcelaran porque estaba drogado y por su seguridad, se pod\u00eda caer en la irresponsabilidad pero est\u00e1 plenamente identificado\u201d, expres\u00f3 la edil.<\/p>\n\n\n\n<p>El ayuntamiento de Xico planea llevar a cabo o las acciones necesarias para la restauraci\u00f3n de dicha obra.<\/p>\n\n\n\n<p>\u201cLe arranc\u00f3 la cabeza y la arroj\u00f3 a un canal de aguas negras y ayer con el auxilio de Protecci\u00f3n Civil y Vialidad se recorri\u00f3 la zona y se recuper\u00f3 parte de la cabeza y se est\u00e1 viendo la manera de restaurarla\u201d, detall\u00f3.<\/p>\n\n\n\n<p>El monumento mencionado es una de las obras que el pintor, muralista y escultor papanteco Teodoro Cano dej\u00f3 en el territorio veracruzano, mismo que fue creado en la d\u00e9cada de los 70.<\/p>\n\n\n\n<p>Cabe recordar que hace unos a\u00f1os, la escultura tambi\u00e9n fue vandalizada y arrancada de su pedestal. Aunque fue reparada, no qued\u00f3 con los mismos acabados.<\/p>\n","protected":false},"excerpt":{"rendered":"<p>Juan Arcos Xico, Ver.- El Monumento a la Mujer Xique\u00f1a Cortadora de Caf\u00e9, una obra del artista Teodoro Cano Garc\u00eda, fue vandalizado en pleno 8 de marzo, D\u00eda Internacional de la Mujer, por un sujeto que aparentemente estaba drogado. As\u00ed lo dio a conocer la regidora primera de Xico, Altagracia del Carmen Tlaxcalteco, quien adem\u00e1s [&hellip;]<\/p>\n","protected":false},"author":1,"featured_media":24568,"comment_status":"open","ping_status":"open","sticky":false,"template":"","format":"standard","meta":{"_jetpack_memberships_contains_paid_content":false,"footnotes":""},"categories":[8],"tags":[],"class_list":["post-24567","post","type-post","status-publish","format-standard","has-post-thumbnail","hentry","category-region"],"jetpack_featured_media_url":"https:\/\/encuentroinformativo.com.mx\/wp-content\/uploads\/2022\/03\/A2A3BF00-D1C5-462F-AC03-D35404E35D43.jpeg","jetpack_sharing_enabled":true,"jetpack_likes_enabled":true,"amp_enabled":true,"_links":{"self":[{"href":"https:\/\/encuentroinformativo.com.mx\/index.php?rest_route=\/wp\/v2\/posts\/24567","targetHints":{"allow":["GET"]}}],"collection":[{"href":"https:\/\/encuentroinformativo.com.mx\/index.php?rest_route=\/wp\/v2\/posts"}],"about":[{"href":"https:\/\/encuentroinformativo.com.mx\/index.php?rest_route=\/wp\/v2\/types\/post"}],"author":[{"embeddable":true,"href":"https:\/\/encuentroinformativo.com.mx\/index.php?rest_route=\/wp\/v2\/users\/1"}],"replies":[{"embeddable":true,"href":"https:\/\/encuentroinformativo.com.mx\/index.php?rest_route=%2Fwp%2Fv2%2Fcomments&post=24567"}],"version-history":[{"count":1,"href":"https:\/\/encuentroinformativo.com.mx\/index.php?rest_route=\/wp\/v2\/posts\/24567\/revisions"}],"predecessor-version":[{"id":24569,"href":"https:\/\/encuentroinformativo.com.mx\/index.php?rest_route=\/wp\/v2\/posts\/24567\/revisions\/24569"}],"wp:featuredmedia":[{"embeddable":true,"href":"https:\/\/encuentroinformativo.com.mx\/index.php?rest_route=\/wp\/v2\/media\/24568"}],"wp:attachment":[{"href":"https:\/\/encuentroinformativo.com.mx\/index.php?rest_route=%2Fwp%2Fv2%2Fmedia&parent=24567"}],"wp:term":[{"taxonomy":"category","embeddable":true,"href":"https:\/\/encuentroinformativo.com.mx\/index.php?rest_route=%2Fwp%2Fv2%2Fcategories&post=24567"},{"taxonomy":"post_tag","embeddable":true,"href":"https:\/\/encuentroinformativo.com.mx\/index.php?rest_route=%2Fwp%2Fv2%2Ftags&post=24567"}],"curies":[{"name":"wp","href":"https:\/\/api.w.org\/{rel}","templated":true}]}}