{"id":2457,"date":"2020-05-11T13:18:33","date_gmt":"2020-05-11T18:18:33","guid":{"rendered":"https:\/\/encuentroinformativo.com\/?p=2457"},"modified":"2020-05-11T13:19:04","modified_gmt":"2020-05-11T18:19:04","slug":"acusan-deficiencias-en-servicio-de-recoleccion-de-basura","status":"publish","type":"post","link":"https:\/\/encuentroinformativo.com.mx\/?p=2457","title":{"rendered":"Acusan deficiencias en servicio de recolecci\u00f3n de basura"},"content":{"rendered":"\n<p><strong>Juan Arcos<\/strong><\/p>\n\n\n\n<p>Emiliano Zapata, Ver.- Comerciantes del fraccionamiento La Pradera, perteneciente al municipio de Emiliano Zapata, denunciaron deficiencias en el servicio de recolecci\u00f3n de basura.<\/p>\n\n\n\n<p>Los locatarios de la plaza Pradera mencionaron que el cami\u00f3n recolector no recoge sus desechos, pues s\u00f3lo se detiene del otro lado de la avenida de los \u00c1lamos.<\/p>\n\n\n\n<p>De acuerdo con Mar\u00eda Esther Gonz\u00e1lez Ruiz, una vendedora de jugos, los comerciantes tienen que cargar y trasladar su basura unos 40 o 50 metros para colocarla donde el personal de Limpia P\u00fablica la recoge.<\/p>\n\n\n\n<p>\u201cEl carro pasa y se pasa derecho, no pasa a recoger la basura, yo no tengo la suficiente fuerza para subirla del otro lado, aqu\u00ed no se detiene, yo siento que si es una plaza deber\u00eda pararse a recoger la basura de aqu\u00ed\u201d.<\/p>\n\n\n\n<p>La entrevistada mencion\u00f3 que los comerciantes tienen que pagar para que la basura sea llevada al punto donde llega el cami\u00f3n recolector.<\/p>\n\n\n\n<p>\u201cEsto ha pasado todo el tiempo. Siempre ha sido as\u00ed. Los locatarios tienen que pagar para llevar la basura a otro lugar, no s\u00e9 a d\u00f3nde\u201d.<\/p>\n\n\n\n<p>Gonz\u00e1lez Ruiz a\u00f1adi\u00f3 que el cami\u00f3n recolector pasa cada tercer d\u00eda en el fraccionamiento; sin embargo, la basura org\u00e1nica se amontona afuera de la plaza y esto podr\u00eda generar un foco de infecci\u00f3n.<\/p>\n\n\n\n<p>\u201cSale desperdicio de alimentos, de verdura, puede hacer fauna nociva\u201d, coment\u00f3 la comerciante.<\/p>\n","protected":false},"excerpt":{"rendered":"<p>Juan Arcos Emiliano Zapata, Ver.- Comerciantes del fraccionamiento La Pradera, perteneciente al municipio de Emiliano Zapata, denunciaron deficiencias en el servicio de recolecci\u00f3n de basura. Los locatarios de la plaza Pradera mencionaron que el cami\u00f3n recolector no recoge sus desechos, pues s\u00f3lo se detiene del otro lado de la avenida de los \u00c1lamos. De acuerdo [&hellip;]<\/p>\n","protected":false},"author":1,"featured_media":2458,"comment_status":"open","ping_status":"open","sticky":false,"template":"","format":"standard","meta":{"_jetpack_memberships_contains_paid_content":false,"footnotes":""},"categories":[8],"tags":[],"class_list":["post-2457","post","type-post","status-publish","format-standard","has-post-thumbnail","hentry","category-region"],"jetpack_featured_media_url":"https:\/\/encuentroinformativo.com.mx\/wp-content\/uploads\/2020\/05\/225930F7-3706-4A84-BAEB-592277669F36.jpeg","jetpack_sharing_enabled":true,"jetpack_likes_enabled":true,"amp_enabled":true,"_links":{"self":[{"href":"https:\/\/encuentroinformativo.com.mx\/index.php?rest_route=\/wp\/v2\/posts\/2457","targetHints":{"allow":["GET"]}}],"collection":[{"href":"https:\/\/encuentroinformativo.com.mx\/index.php?rest_route=\/wp\/v2\/posts"}],"about":[{"href":"https:\/\/encuentroinformativo.com.mx\/index.php?rest_route=\/wp\/v2\/types\/post"}],"author":[{"embeddable":true,"href":"https:\/\/encuentroinformativo.com.mx\/index.php?rest_route=\/wp\/v2\/users\/1"}],"replies":[{"embeddable":true,"href":"https:\/\/encuentroinformativo.com.mx\/index.php?rest_route=%2Fwp%2Fv2%2Fcomments&post=2457"}],"version-history":[{"count":1,"href":"https:\/\/encuentroinformativo.com.mx\/index.php?rest_route=\/wp\/v2\/posts\/2457\/revisions"}],"predecessor-version":[{"id":2459,"href":"https:\/\/encuentroinformativo.com.mx\/index.php?rest_route=\/wp\/v2\/posts\/2457\/revisions\/2459"}],"wp:featuredmedia":[{"embeddable":true,"href":"https:\/\/encuentroinformativo.com.mx\/index.php?rest_route=\/wp\/v2\/media\/2458"}],"wp:attachment":[{"href":"https:\/\/encuentroinformativo.com.mx\/index.php?rest_route=%2Fwp%2Fv2%2Fmedia&parent=2457"}],"wp:term":[{"taxonomy":"category","embeddable":true,"href":"https:\/\/encuentroinformativo.com.mx\/index.php?rest_route=%2Fwp%2Fv2%2Fcategories&post=2457"},{"taxonomy":"post_tag","embeddable":true,"href":"https:\/\/encuentroinformativo.com.mx\/index.php?rest_route=%2Fwp%2Fv2%2Ftags&post=2457"}],"curies":[{"name":"wp","href":"https:\/\/api.w.org\/{rel}","templated":true}]}}