{"id":24570,"date":"2022-03-11T10:51:46","date_gmt":"2022-03-11T16:51:46","guid":{"rendered":"https:\/\/encuentroinformativo.com.mx\/?p=24570"},"modified":"2022-03-11T10:51:50","modified_gmt":"2022-03-11T16:51:50","slug":"acusan-amanada-renovacion-de-dirigencia-del-snte","status":"publish","type":"post","link":"https:\/\/encuentroinformativo.com.mx\/?p=24570","title":{"rendered":"Acusan \u201cama\u00f1ada\u201d renovaci\u00f3n de dirigencia del SNTE"},"content":{"rendered":"\n<p><strong>Dar\u00edo Pale <\/strong><\/p>\n\n\n\n<p>Xalapa, Ver.- El profesor Rub\u00e9n Dar\u00edo Silva Hern\u00e1ndez Coordinador General de la Corriente &#8220;Democratizaci\u00f3n y Unidad Secci\u00f3n 32&#8221;, denunciaron que la dirigencia estatal se re\u00fane este viernes para conformar una planilla para la renovaci\u00f3n del Comit\u00e9 Ejecutivo Estatal.<\/p>\n\n\n\n<p>En conferencia de prensa dieron a conocer que la convocatoria para la renovaci\u00f3n del Comit\u00e9 Directivo Estatal de la Secci\u00f3n 32 del Sindicato Nacional de Trabajadores de la Educaci\u00f3n (SNTE), est\u00e1 muy &#8220;ama\u00f1ada&#8221;.<\/p>\n\n\n\n<p>Dieron a conocer que el d\u00eda de hoy en la madrugada se dieron cuenta que en el estado de Veracruz se van a establecer 517 asambleas delegacionales electivas en donde todo el magisterio veracruzano va a poder mitin e voto para elegir a sus nuevos representantes de comit\u00e9 ejecutivo de dicha secci\u00f3n.<\/p>\n\n\n\n<p>&#8220;Ellos citan a los secretarios generales, pero la base est\u00e1 inconforme con esta situaci\u00f3n, ellos podr\u00e1n presentar una propuesta, pero nosotros sabemos que la base est\u00e1 con los compa\u00f1eros maestros que salimos a defender los derechos laborales, no nada m\u00e1s estamos por los maestros sino por todos los dem\u00e1s trabajadores al servicio de la educaci\u00f3n&#8221;, coment\u00f3.<\/p>\n\n\n\n<p>&#8220;Ellos tienen varias propuestas, lo que a nosotros, los maestros disidentes nos interesa, es quien vamos a proponer, en su momento se dir\u00e1 porque ya sali\u00f3 la convocatoria, tenemos que sacar una planilla&#8221;, agreg\u00f3.<\/p>\n\n\n\n<p>Por lo anterior est\u00e1n manifestando a los maestros federales, al igual que al personal de apoyo y administrativo que tienen compa\u00f1eros en toda la entidad veracruzana en las 13 regiones que los apoyan y los respaldan al igual que los maestros del sistema ind\u00edgena, jubilados entre otros.<\/p>\n\n\n\n<p>La reuni\u00f3n que se est\u00e1 realizando en el auditorio es un evento del comit\u00e9 ejecutivo seccional est\u00e1 desarrollando un pleno pero es para ver c\u00f3mo han gastado los dineros, pero en realidad el objetivo es la de formar una plantita direccionada donde no se toma en cuenta a las bases como referente.<\/p>\n\n\n\n<p>Por su parte, Demetrio Serrano Saavedra, coordinador de dicha expresi\u00f3n pol\u00edtica, refiri\u00f3 que para la nueva elecci\u00f3n del Comit\u00e9 se debe hacer una elecci\u00f3n a trav\u00e9s del voto libre y secreto y ellos tienen representaci\u00f3n en todo el Estado.<\/p>\n\n\n\n<p>Llam\u00f3 a todas las corrientes pol\u00edticas de la Secci\u00f3n 32 a que se sumen lograr que el Sindicato sea una organizaci\u00f3n que est\u00e9 al servicio de los trabajadores de la educaci\u00f3n y caminen juntos.<\/p>\n\n\n\n<p>&#8220;El inter\u00e9s mayor es unificar a todas las corrientes pol\u00edticas para poder presentar la planilla, acaba de salir la convocatoria y realizar ese voto directo, libre y secreto de todos los compa\u00f1eros&#8221;, asever\u00f3.<\/p>\n\n\n\n<p>Finalmente el docente reconoci\u00f3 que existen muchos reclamos de los docentes al Comit\u00e9 porque no los atienden, se olvidaron de las bases, por eso quieren transformarlo y defender a los agremiados.<\/p>\n","protected":false},"excerpt":{"rendered":"<p>Dar\u00edo Pale Xalapa, Ver.- El profesor Rub\u00e9n Dar\u00edo Silva Hern\u00e1ndez Coordinador General de la Corriente &#8220;Democratizaci\u00f3n y Unidad Secci\u00f3n 32&#8221;, denunciaron que la dirigencia estatal se re\u00fane este viernes para conformar una planilla para la renovaci\u00f3n del Comit\u00e9 Ejecutivo Estatal. En conferencia de prensa dieron a conocer que la convocatoria para la renovaci\u00f3n del Comit\u00e9 [&hellip;]<\/p>\n","protected":false},"author":1,"featured_media":24571,"comment_status":"open","ping_status":"open","sticky":false,"template":"","format":"standard","meta":{"_jetpack_memberships_contains_paid_content":false,"footnotes":""},"categories":[3],"tags":[],"class_list":["post-24570","post","type-post","status-publish","format-standard","has-post-thumbnail","hentry","category-xalapa"],"jetpack_featured_media_url":"https:\/\/encuentroinformativo.com.mx\/wp-content\/uploads\/2022\/03\/C257166F-CCF1-4E2F-973C-61FD26ACB389.jpeg","jetpack_sharing_enabled":true,"jetpack_likes_enabled":true,"amp_enabled":true,"_links":{"self":[{"href":"https:\/\/encuentroinformativo.com.mx\/index.php?rest_route=\/wp\/v2\/posts\/24570","targetHints":{"allow":["GET"]}}],"collection":[{"href":"https:\/\/encuentroinformativo.com.mx\/index.php?rest_route=\/wp\/v2\/posts"}],"about":[{"href":"https:\/\/encuentroinformativo.com.mx\/index.php?rest_route=\/wp\/v2\/types\/post"}],"author":[{"embeddable":true,"href":"https:\/\/encuentroinformativo.com.mx\/index.php?rest_route=\/wp\/v2\/users\/1"}],"replies":[{"embeddable":true,"href":"https:\/\/encuentroinformativo.com.mx\/index.php?rest_route=%2Fwp%2Fv2%2Fcomments&post=24570"}],"version-history":[{"count":1,"href":"https:\/\/encuentroinformativo.com.mx\/index.php?rest_route=\/wp\/v2\/posts\/24570\/revisions"}],"predecessor-version":[{"id":24572,"href":"https:\/\/encuentroinformativo.com.mx\/index.php?rest_route=\/wp\/v2\/posts\/24570\/revisions\/24572"}],"wp:featuredmedia":[{"embeddable":true,"href":"https:\/\/encuentroinformativo.com.mx\/index.php?rest_route=\/wp\/v2\/media\/24571"}],"wp:attachment":[{"href":"https:\/\/encuentroinformativo.com.mx\/index.php?rest_route=%2Fwp%2Fv2%2Fmedia&parent=24570"}],"wp:term":[{"taxonomy":"category","embeddable":true,"href":"https:\/\/encuentroinformativo.com.mx\/index.php?rest_route=%2Fwp%2Fv2%2Fcategories&post=24570"},{"taxonomy":"post_tag","embeddable":true,"href":"https:\/\/encuentroinformativo.com.mx\/index.php?rest_route=%2Fwp%2Fv2%2Ftags&post=24570"}],"curies":[{"name":"wp","href":"https:\/\/api.w.org\/{rel}","templated":true}]}}