{"id":24576,"date":"2022-03-11T11:11:49","date_gmt":"2022-03-11T17:11:49","guid":{"rendered":"https:\/\/encuentroinformativo.com.mx\/?p=24576"},"modified":"2022-03-11T11:11:52","modified_gmt":"2022-03-11T17:11:52","slug":"falta-de-diplomacia-respuesta-a-parlamento-europeo-senador","status":"publish","type":"post","link":"https:\/\/encuentroinformativo.com.mx\/?p=24576","title":{"rendered":"Falta de diplomacia, respuesta a parlamento europeo: Senador"},"content":{"rendered":"\n<p><strong>Alejandro \u00c1vila<\/strong><\/p>\n\n\n\n<p>Veracruz, Ver.- Como desafortunada, desproporcionada de lenguaje y falta de diplomacia, calific\u00f3 el Senador, Julen Rementer\u00eda del Puerto, la carta que envi\u00f3 el Gobierno de M\u00e9xico al Parlamento Europeo.<\/p>\n\n\n\n<p>Es de mencionar que, hace unos d\u00edas, el propio Parlamento Europeo solicit\u00f3 al Gobierno de M\u00e9xico garantizar la protecci\u00f3n de periodistas y activistas en territorio nacional, toda vez que, se dieron a conocer cifras qu\u00e9 demostraban qu\u00e9 M\u00e9xico, es uno de los pa\u00edses m\u00e1s hostiles para ejercer el periodismo, dejando el 95 por ciemto de los casos de asesinato impunes.<\/p>\n\n\n\n<p>&#8220;Me parece que en ning\u00fan caso deber\u00eda de haber una comunicaci\u00f3n como la que hubo, me parece algo que, adem\u00e1s el lenguaje que se ocupa, pues no tiene ni la m\u00e1s m\u00ednima diplomacia, y yo creo que en lugar de dejar un buen sabor de boca, en d\u00f3nde dices, &#8216;bueno, alguien que defiende a M\u00e9xico&#8217;, porque adem\u00e1s eso lo aceptamos todos, que defiendan las posturas de nuestro pa\u00eds, pero que se defiendan con decoro, no un pleito que pareciera m\u00e1s bien un pleito callejero, por la contestaci\u00f3n en c\u00f3mo se da, y los descalifica, los estigmatiza y tambi\u00e9n los adjetiviza, de una manera que me parece, no es absolutamente el proceder&#8221;, subray\u00f3 el coordinador del PAN en el Senado.<\/p>\n\n\n\n<p>El legislador veracruzano dijo que, si bien en el texto hubo agresividad en el lenguaje, espera que esto no genere una relaci\u00f3n r\u00edspida con los pa\u00edses europeos; aunque reconoci\u00f3, no se abonar\u00e1 a mejorar los lazos.<\/p>\n\n\n\n<p>&#8220;Si ustedes leen paso a paso, l\u00ednea por l\u00ednea el comunicado, me parece una desproporci\u00f3n en el uso del lenguaje, c\u00f3mo se manifiesta, pareciera que con mucho coraje le contestas y como decimos aqu\u00ed en Veracruz &#8216;le canta el tiro&#8217;, como diciendo, &#8216;mira ah\u00ed est\u00e1 y hazle como quieras, informate bien&#8217;, y bueno, mal&#8221;, remat\u00f3 el panista.<\/p>\n\n\n\n<p>Finalmente, Julen Rementer\u00eda lamento que, en la carta de contestaci\u00f3n nunca se habla sobre el tema central de discusi\u00f3n qu\u00e9 es, los periodistas y la falta de garant\u00edas de seguridad para ejercer su profesi\u00f3n.<\/p>\n","protected":false},"excerpt":{"rendered":"<p>Alejandro \u00c1vila Veracruz, Ver.- Como desafortunada, desproporcionada de lenguaje y falta de diplomacia, calific\u00f3 el Senador, Julen Rementer\u00eda del Puerto, la carta que envi\u00f3 el Gobierno de M\u00e9xico al Parlamento Europeo. Es de mencionar que, hace unos d\u00edas, el propio Parlamento Europeo solicit\u00f3 al Gobierno de M\u00e9xico garantizar la protecci\u00f3n de periodistas y activistas en [&hellip;]<\/p>\n","protected":false},"author":1,"featured_media":24577,"comment_status":"open","ping_status":"open","sticky":false,"template":"","format":"standard","meta":{"_jetpack_memberships_contains_paid_content":false,"footnotes":""},"categories":[2],"tags":[],"class_list":["post-24576","post","type-post","status-publish","format-standard","has-post-thumbnail","hentry","category-estado"],"jetpack_featured_media_url":"https:\/\/encuentroinformativo.com.mx\/wp-content\/uploads\/2022\/03\/6190AA0E-6FD1-4B81-B09A-4392B91F452C.jpeg","jetpack_sharing_enabled":true,"jetpack_likes_enabled":true,"amp_enabled":true,"_links":{"self":[{"href":"https:\/\/encuentroinformativo.com.mx\/index.php?rest_route=\/wp\/v2\/posts\/24576","targetHints":{"allow":["GET"]}}],"collection":[{"href":"https:\/\/encuentroinformativo.com.mx\/index.php?rest_route=\/wp\/v2\/posts"}],"about":[{"href":"https:\/\/encuentroinformativo.com.mx\/index.php?rest_route=\/wp\/v2\/types\/post"}],"author":[{"embeddable":true,"href":"https:\/\/encuentroinformativo.com.mx\/index.php?rest_route=\/wp\/v2\/users\/1"}],"replies":[{"embeddable":true,"href":"https:\/\/encuentroinformativo.com.mx\/index.php?rest_route=%2Fwp%2Fv2%2Fcomments&post=24576"}],"version-history":[{"count":1,"href":"https:\/\/encuentroinformativo.com.mx\/index.php?rest_route=\/wp\/v2\/posts\/24576\/revisions"}],"predecessor-version":[{"id":24578,"href":"https:\/\/encuentroinformativo.com.mx\/index.php?rest_route=\/wp\/v2\/posts\/24576\/revisions\/24578"}],"wp:featuredmedia":[{"embeddable":true,"href":"https:\/\/encuentroinformativo.com.mx\/index.php?rest_route=\/wp\/v2\/media\/24577"}],"wp:attachment":[{"href":"https:\/\/encuentroinformativo.com.mx\/index.php?rest_route=%2Fwp%2Fv2%2Fmedia&parent=24576"}],"wp:term":[{"taxonomy":"category","embeddable":true,"href":"https:\/\/encuentroinformativo.com.mx\/index.php?rest_route=%2Fwp%2Fv2%2Fcategories&post=24576"},{"taxonomy":"post_tag","embeddable":true,"href":"https:\/\/encuentroinformativo.com.mx\/index.php?rest_route=%2Fwp%2Fv2%2Ftags&post=24576"}],"curies":[{"name":"wp","href":"https:\/\/api.w.org\/{rel}","templated":true}]}}