{"id":24585,"date":"2022-03-11T12:17:07","date_gmt":"2022-03-11T18:17:07","guid":{"rendered":"https:\/\/encuentroinformativo.com.mx\/?p=24585"},"modified":"2022-03-11T12:17:09","modified_gmt":"2022-03-11T18:17:09","slug":"gobiernos-estatales-atenderan-escuelas-de-tiempo-completo-gnte","status":"publish","type":"post","link":"https:\/\/encuentroinformativo.com.mx\/?p=24585","title":{"rendered":"Gobiernos estatales atender\u00e1n Escuelas de Tiempo Completo: GNTE"},"content":{"rendered":"\n<p><strong>Dar\u00edo Pale <\/strong><\/p>\n\n\n\n<p>Xalapa, Ver.- Los Gobiernos estatales se har\u00e1n cargo del programa de Escuelas de Tiempo Completo, as\u00ed lo inform\u00f3 el secretario general del Gremio Nacional de Trabajadores de la Educaci\u00f3n (GNTE), Amarante Garc\u00eda Caltenco.<\/p>\n\n\n\n<p>En entrevista dio a conocer que, se est\u00e1n reuniendo con personal de la Unidad del Sistema para la Carrera de las Maestras y los Maestros (USICAMM), porque se est\u00e1n cometiendo &#8220;atropellos&#8221; con la base magisterial en el pa\u00eds, inclu\u00eddo Veracruz.<\/p>\n\n\n\n<p>\u201cSe violan los escalafones ganados a pulso por el puntaje obtenido, desaparecen listados de gente que ya tiene el octavo lugar en lugar de aspirar a una plaza, una persona que tiene el 120 lugar lo pasan. En nivel Medio Superior, -lo ha reconocido el titular de la USICAMM-, es el nivel educativo donde m\u00e1s problemas se est\u00e1 haciendo para hacer congruente la intenci\u00f3n del gobierno Federal para la promoci\u00f3n de los compa\u00f1eros en materia de la promoci\u00f3n horizontal, es decir, el incremento de categor\u00edas&#8221;, se\u00f1al\u00f3.<\/p>\n\n\n\n<p>En otro orden de ideas en lo que se refiere a escuelas de tiempo completo dijo que, &#8220;a nivel nacional no tenemos una noticia de que un gobernador diga yo no apoyo. Los gobernadores est\u00e1n asumiendo la parte correspondiente porque ya hay compromisos creados con los educandos, con las madres de familia, con el personal docente y administrativo&#8221;.<\/p>\n\n\n\n<p>Dio a conocer que aunque ya existe un decreto, en la pr\u00e1ctica es que seguir\u00e1n operando las Escuelas de Tiempo Completo, por lo que adelant\u00f3 que tienen la expectativa de que viene un nuevo programa con ajustes, en donde ya se contemple lo que no tiene el de Escuelas de Tiempo Completo como infraestructura, lugares c\u00f3modos e higi\u00e9nicos para que los alumnos tomen sus alimentos, personal, entre otros.<\/p>\n\n\n\n<p>&#8220;No ha cumplido del todo el Programa con el pago del sueldo, la compensaci\u00f3n correspondientes, esos son algunos de los ajustes que tiene que hacer el gobierno Federal con una nueva visi\u00f3n sin errores, en bien de la educaci\u00f3n del pa\u00eds&#8221;, finaliz\u00f3.<\/p>\n","protected":false},"excerpt":{"rendered":"<p>Dar\u00edo Pale Xalapa, Ver.- Los Gobiernos estatales se har\u00e1n cargo del programa de Escuelas de Tiempo Completo, as\u00ed lo inform\u00f3 el secretario general del Gremio Nacional de Trabajadores de la Educaci\u00f3n (GNTE), Amarante Garc\u00eda Caltenco. En entrevista dio a conocer que, se est\u00e1n reuniendo con personal de la Unidad del Sistema para la Carrera de [&hellip;]<\/p>\n","protected":false},"author":1,"featured_media":24586,"comment_status":"open","ping_status":"open","sticky":false,"template":"","format":"standard","meta":{"_jetpack_memberships_contains_paid_content":false,"footnotes":""},"categories":[2],"tags":[],"class_list":["post-24585","post","type-post","status-publish","format-standard","has-post-thumbnail","hentry","category-estado"],"jetpack_featured_media_url":"https:\/\/encuentroinformativo.com.mx\/wp-content\/uploads\/2022\/03\/367D2C21-6CCB-4C16-AD95-8C2D9C4B1D37.jpeg","jetpack_sharing_enabled":true,"jetpack_likes_enabled":true,"amp_enabled":true,"_links":{"self":[{"href":"https:\/\/encuentroinformativo.com.mx\/index.php?rest_route=\/wp\/v2\/posts\/24585","targetHints":{"allow":["GET"]}}],"collection":[{"href":"https:\/\/encuentroinformativo.com.mx\/index.php?rest_route=\/wp\/v2\/posts"}],"about":[{"href":"https:\/\/encuentroinformativo.com.mx\/index.php?rest_route=\/wp\/v2\/types\/post"}],"author":[{"embeddable":true,"href":"https:\/\/encuentroinformativo.com.mx\/index.php?rest_route=\/wp\/v2\/users\/1"}],"replies":[{"embeddable":true,"href":"https:\/\/encuentroinformativo.com.mx\/index.php?rest_route=%2Fwp%2Fv2%2Fcomments&post=24585"}],"version-history":[{"count":1,"href":"https:\/\/encuentroinformativo.com.mx\/index.php?rest_route=\/wp\/v2\/posts\/24585\/revisions"}],"predecessor-version":[{"id":24587,"href":"https:\/\/encuentroinformativo.com.mx\/index.php?rest_route=\/wp\/v2\/posts\/24585\/revisions\/24587"}],"wp:featuredmedia":[{"embeddable":true,"href":"https:\/\/encuentroinformativo.com.mx\/index.php?rest_route=\/wp\/v2\/media\/24586"}],"wp:attachment":[{"href":"https:\/\/encuentroinformativo.com.mx\/index.php?rest_route=%2Fwp%2Fv2%2Fmedia&parent=24585"}],"wp:term":[{"taxonomy":"category","embeddable":true,"href":"https:\/\/encuentroinformativo.com.mx\/index.php?rest_route=%2Fwp%2Fv2%2Fcategories&post=24585"},{"taxonomy":"post_tag","embeddable":true,"href":"https:\/\/encuentroinformativo.com.mx\/index.php?rest_route=%2Fwp%2Fv2%2Ftags&post=24585"}],"curies":[{"name":"wp","href":"https:\/\/api.w.org\/{rel}","templated":true}]}}