{"id":24594,"date":"2022-03-11T13:05:49","date_gmt":"2022-03-11T19:05:49","guid":{"rendered":"https:\/\/encuentroinformativo.com.mx\/?p=24594"},"modified":"2022-03-11T13:05:52","modified_gmt":"2022-03-11T19:05:52","slug":"con-marcha-reclaman-destitucion-de-director-del-tec-de-misantla","status":"publish","type":"post","link":"https:\/\/encuentroinformativo.com.mx\/?p=24594","title":{"rendered":"Con marcha, reclaman destituci\u00f3n de director del Tec de Misantla"},"content":{"rendered":"\n<p><strong>Juan Arcos<\/strong><\/p>\n\n\n\n<p>Xalapa, Ver.- Trabajadores sindicalizados del Instituto Tecnol\u00f3gico Superior de Misantla (ITSM) marcharon en dicho municipio la noche del jueves, para exigir la destituci\u00f3n del director de ese plantel, Daniel Villanueva V\u00e1zquez.<\/p>\n\n\n\n<p>Los empleados acudieron previamente a las instalaciones de la Direcci\u00f3n General de Educaci\u00f3n Tecnol\u00f3gica, ubicadas sobre la avenida Manuel Guti\u00e9rrez en la colonia Del Maestro, de esta ciudad de Xalapa, donde denunciaron anomal\u00edas y violaciones a sus derechos laborales.<\/p>\n\n\n\n<p>Durante la ma\u00f1ana del 10 de marzo, plantearon la problem\u00e1tica a las autoridades de dicha dependencia, en busca de una soluci\u00f3n inmediata.<\/p>\n\n\n\n<p>De acuerdo con el secretario general del Sindicato de Empleados, Trabajadores y Docentes del ITSM, Pedro Morales Ju\u00e1rez, el Director del plantel desatiende las necesidades de la plantilla laboral.<\/p>\n\n\n\n<p>El entrevistado mencion\u00f3 que se han dado violaciones al contrato colectivo de trabajo, como malos tratos a los trabajadores e imposiciones acad\u00e9micas sin consultar al sindicato mayoritario.<\/p>\n\n\n\n<p>\u201cSon demasiadas vejaciones que les han hecho y estamos dispuestos de llegar a cualquier instancia para que se solucionen los problemas\u201d, expuso.<\/p>\n\n\n\n<p>En el Instituto Tecnol\u00f3gico Superior de Misantla hay cerca de 200 trabajadores y 130 pertenecen al sindicato mencionado.<\/p>\n\n\n\n<p>Morales Ju\u00e1rez mencion\u00f3 que las violaciones a sus derechos laborales se han registrado desde hace un a\u00f1o, cuando asumi\u00f3 el cargo el director Daniel Villanueva.<\/p>\n\n\n\n<p>Las autoridades de la Direcci\u00f3n General de Educaci\u00f3n Tecnol\u00f3gica no dieron soluci\u00f3n a la problem\u00e1tica y, por ello, decidieron manifestarse y marchar en calles de Misantla.<\/p>\n\n\n\n<p>\u201cDestituci\u00f3n del director y su gente\u201d, se le\u00eda en una amplia lona que sostuvieron durante su protesta.<\/p>\n","protected":false},"excerpt":{"rendered":"<p>Juan Arcos Xalapa, Ver.- Trabajadores sindicalizados del Instituto Tecnol\u00f3gico Superior de Misantla (ITSM) marcharon en dicho municipio la noche del jueves, para exigir la destituci\u00f3n del director de ese plantel, Daniel Villanueva V\u00e1zquez. Los empleados acudieron previamente a las instalaciones de la Direcci\u00f3n General de Educaci\u00f3n Tecnol\u00f3gica, ubicadas sobre la avenida Manuel Guti\u00e9rrez en la [&hellip;]<\/p>\n","protected":false},"author":1,"featured_media":24595,"comment_status":"open","ping_status":"open","sticky":false,"template":"","format":"standard","meta":{"_jetpack_memberships_contains_paid_content":false,"footnotes":""},"categories":[2],"tags":[],"class_list":["post-24594","post","type-post","status-publish","format-standard","has-post-thumbnail","hentry","category-estado"],"jetpack_featured_media_url":"https:\/\/encuentroinformativo.com.mx\/wp-content\/uploads\/2022\/03\/03BB7408-0E30-4901-96D2-DA84F356E60C.jpeg","jetpack_sharing_enabled":true,"jetpack_likes_enabled":true,"amp_enabled":true,"_links":{"self":[{"href":"https:\/\/encuentroinformativo.com.mx\/index.php?rest_route=\/wp\/v2\/posts\/24594","targetHints":{"allow":["GET"]}}],"collection":[{"href":"https:\/\/encuentroinformativo.com.mx\/index.php?rest_route=\/wp\/v2\/posts"}],"about":[{"href":"https:\/\/encuentroinformativo.com.mx\/index.php?rest_route=\/wp\/v2\/types\/post"}],"author":[{"embeddable":true,"href":"https:\/\/encuentroinformativo.com.mx\/index.php?rest_route=\/wp\/v2\/users\/1"}],"replies":[{"embeddable":true,"href":"https:\/\/encuentroinformativo.com.mx\/index.php?rest_route=%2Fwp%2Fv2%2Fcomments&post=24594"}],"version-history":[{"count":1,"href":"https:\/\/encuentroinformativo.com.mx\/index.php?rest_route=\/wp\/v2\/posts\/24594\/revisions"}],"predecessor-version":[{"id":24596,"href":"https:\/\/encuentroinformativo.com.mx\/index.php?rest_route=\/wp\/v2\/posts\/24594\/revisions\/24596"}],"wp:featuredmedia":[{"embeddable":true,"href":"https:\/\/encuentroinformativo.com.mx\/index.php?rest_route=\/wp\/v2\/media\/24595"}],"wp:attachment":[{"href":"https:\/\/encuentroinformativo.com.mx\/index.php?rest_route=%2Fwp%2Fv2%2Fmedia&parent=24594"}],"wp:term":[{"taxonomy":"category","embeddable":true,"href":"https:\/\/encuentroinformativo.com.mx\/index.php?rest_route=%2Fwp%2Fv2%2Fcategories&post=24594"},{"taxonomy":"post_tag","embeddable":true,"href":"https:\/\/encuentroinformativo.com.mx\/index.php?rest_route=%2Fwp%2Fv2%2Ftags&post=24594"}],"curies":[{"name":"wp","href":"https:\/\/api.w.org\/{rel}","templated":true}]}}