{"id":24600,"date":"2022-03-11T13:27:53","date_gmt":"2022-03-11T19:27:53","guid":{"rendered":"https:\/\/encuentroinformativo.com.mx\/?p=24600"},"modified":"2022-03-11T13:27:57","modified_gmt":"2022-03-11T19:27:57","slug":"docentes-de-telesecundaria-demandan-pagos-pendientes","status":"publish","type":"post","link":"https:\/\/encuentroinformativo.com.mx\/?p=24600","title":{"rendered":"Docentes de Telesecundaria demandan pagos pendientes"},"content":{"rendered":"\n<p><strong>Dar\u00edo Pale<\/strong><\/p>\n\n\n\n<p>Xalapa, Ver.- M\u00e1s de 300 maestros de Telesecundaria se siguen viendo afectados por la falta de pago de las Horas de Fortalecimiento Curricular (HFC), el cual desde hace cerca de cuatro a\u00f1os no les han dado ning\u00fan pago y el gobierno del estado y el sindicato de la secci\u00f3n 32 del SNTE no los ha apoyado.<\/p>\n\n\n\n<p>En conferencia de prensa Yadira Ortega Mariscal, Tita Aurora Pensado Guevara, Luis Ram\u00f3n V\u00e1zquez, Yanet Pulido Cuervo, dieron a conocer que, desde Agosto del 2018 es lamentable que no se tenga una respuesta con respecto al tema de las Horas de Fortalecimiento Curricular (HFC) que se ganaron m\u00e1s de 300 maestros de Telesecundaria de diversas zonas del Estado de Veracruz a trav\u00e9s de la comisi\u00f3n de escalaf\u00f3n.<\/p>\n\n\n\n<p>Lamentaron que a casi 4 a\u00f1os tengan que recurrir a estas instancias para recordarle al sistema que no han dado repuesta a la petici\u00f3n del pago y basificaci\u00f3n de la plaza correspondiente.<\/p>\n\n\n\n<p>&#8220;Durante estos a\u00f1os se han hecho una serie de oficios entregados a diversas autoridades de la Secretaria de Educaci\u00f3n de Veracruz, que han estado presentes en los cargos de Secretario de Educaci\u00f3n de Veracruz, Oficias Mayor, Subdirector de telesecundarias, direcci\u00f3n de recursos humanos, jefe del departamento normativo y de control docente, Jur\u00eddico de la Secretar\u00eda&#8221;, coment\u00f3.<\/p>\n\n\n\n<p>&#8220;Inclusive se acudi\u00f3 a Palacio de Gobierno para hablar del tema con el Gobernador Cuitl\u00e1huac Garc\u00eda Jim\u00e9nez y se busc\u00f3 el apoyo de los diputados del comit\u00e9 de educaci\u00f3n antes de que se armonizara la ley de educaci\u00f3n en el estado y que por ello se trabajara con anticipaci\u00f3n al respecto de las HFC&#8221;, agregaron.<\/p>\n\n\n\n<p>Han tenido que recurrir a trav\u00e9s de manifestaciones a la Secretaria y Palacio de Gobierno sin embargo a pesar de recurrir a su apoyo para hacer saber que tres centenares de docentes se les interrumpi\u00f3 el pago de manera injusta de su plaza obtenida a base de trabajo, de hacer por convicci\u00f3n estudios de posgrado, someterse a evaluaciones y a\u00fan as\u00ed sin previa notificaci\u00f3n se castiga de esta forma ese esfuerzo por el que lucho a\u00f1os atr\u00e1s para superar y alcanzar ese logro, hoy por hoy seguimos sin respuesta, sin pago y pr\u00e1cticamente sin esa clave.<\/p>\n\n\n\n<p>Por lo anterior est\u00e1n solicitando de forma respetuosa como ha sido todos estos a\u00f1os, el pago y basificaci\u00f3n de la clave asignada como Horas de Fortalecimiento, de igual manera quieren saber el avance que se ha obtenido con el litigio de esta tem\u00e1tica en el Fondo de Aportaciones para la N\u00f3mina Educativa y Gasto Operativo FONE-M\u00e9xico o las instancias con las que se ha mantenido contacto para dar soluci\u00f3n a la problem\u00e1tica planteada.<\/p>\n\n\n\n<p>&#8220;Durante dos a\u00f1os, nos han comentado que se est\u00e1 hablando con M\u00e9xico y que tal parece no se ha tenido las cabacidades para poder resolver lo de las HFC tantoen M\u00e9xico como aqu\u00ed en el Estado&#8221; comentaron.<\/p>\n\n\n\n<p>Realmente esperan que con ese sentido de responsabilidad, honestidad y justicia que se trabaja por parte de la Presidencia de M\u00e9xico, se ponga el empe\u00f1o para que les den respuestas y no para rendirse, por eso siguen en pie de lucha por sus derechos ganados.<br>Se\u00f1alaron que el actual gobierno del estado noisiquiera los ha recibido e incluso ni siquiera &#8220;las gracias&#8221; les han dado, adem\u00e1s que se pertenecen a la secci\u00f3n 32 del SNTE pero tampoco han recibido el apoyo de la dirigencia estatal.<\/p>\n\n\n\n<p>&#8220;Pareciera que nos dan largas constantes para rendir una fuerza de maestros, pero no, justamente esta profesi\u00f3n es de luchadores, defensores y promotores de formaci\u00f3n, no de oportunistas o pesimistas, por tal motivo les pedimos que volteen los ojos a su origen tal como dijo el, diputado Ignacio Mier hace unos meses en la c\u00e1mara y muy importante, no olviden que no se trata de conquistar para ganar una vez, sino de trabajar para ganar siempre se\u00f1ores&#8221;, finalizaron.<\/p>\n","protected":false},"excerpt":{"rendered":"<p>Dar\u00edo Pale Xalapa, Ver.- M\u00e1s de 300 maestros de Telesecundaria se siguen viendo afectados por la falta de pago de las Horas de Fortalecimiento Curricular (HFC), el cual desde hace cerca de cuatro a\u00f1os no les han dado ning\u00fan pago y el gobierno del estado y el sindicato de la secci\u00f3n 32 del SNTE no [&hellip;]<\/p>\n","protected":false},"author":1,"featured_media":24601,"comment_status":"open","ping_status":"open","sticky":false,"template":"","format":"standard","meta":{"_jetpack_memberships_contains_paid_content":false,"footnotes":""},"categories":[3],"tags":[],"class_list":["post-24600","post","type-post","status-publish","format-standard","has-post-thumbnail","hentry","category-xalapa"],"jetpack_featured_media_url":"https:\/\/encuentroinformativo.com.mx\/wp-content\/uploads\/2022\/03\/5001BDC8-F826-4B3E-B541-4F126DC399F2.jpeg","jetpack_sharing_enabled":true,"jetpack_likes_enabled":true,"amp_enabled":true,"_links":{"self":[{"href":"https:\/\/encuentroinformativo.com.mx\/index.php?rest_route=\/wp\/v2\/posts\/24600","targetHints":{"allow":["GET"]}}],"collection":[{"href":"https:\/\/encuentroinformativo.com.mx\/index.php?rest_route=\/wp\/v2\/posts"}],"about":[{"href":"https:\/\/encuentroinformativo.com.mx\/index.php?rest_route=\/wp\/v2\/types\/post"}],"author":[{"embeddable":true,"href":"https:\/\/encuentroinformativo.com.mx\/index.php?rest_route=\/wp\/v2\/users\/1"}],"replies":[{"embeddable":true,"href":"https:\/\/encuentroinformativo.com.mx\/index.php?rest_route=%2Fwp%2Fv2%2Fcomments&post=24600"}],"version-history":[{"count":1,"href":"https:\/\/encuentroinformativo.com.mx\/index.php?rest_route=\/wp\/v2\/posts\/24600\/revisions"}],"predecessor-version":[{"id":24602,"href":"https:\/\/encuentroinformativo.com.mx\/index.php?rest_route=\/wp\/v2\/posts\/24600\/revisions\/24602"}],"wp:featuredmedia":[{"embeddable":true,"href":"https:\/\/encuentroinformativo.com.mx\/index.php?rest_route=\/wp\/v2\/media\/24601"}],"wp:attachment":[{"href":"https:\/\/encuentroinformativo.com.mx\/index.php?rest_route=%2Fwp%2Fv2%2Fmedia&parent=24600"}],"wp:term":[{"taxonomy":"category","embeddable":true,"href":"https:\/\/encuentroinformativo.com.mx\/index.php?rest_route=%2Fwp%2Fv2%2Fcategories&post=24600"},{"taxonomy":"post_tag","embeddable":true,"href":"https:\/\/encuentroinformativo.com.mx\/index.php?rest_route=%2Fwp%2Fv2%2Ftags&post=24600"}],"curies":[{"name":"wp","href":"https:\/\/api.w.org\/{rel}","templated":true}]}}