{"id":24610,"date":"2022-03-11T16:47:06","date_gmt":"2022-03-11T22:47:06","guid":{"rendered":"https:\/\/encuentroinformativo.com.mx\/?p=24610"},"modified":"2022-03-11T16:47:09","modified_gmt":"2022-03-11T22:47:09","slug":"boca-del-rio-preparado-ante-la-entrada-del-frente-frio-35-unanue","status":"publish","type":"post","link":"https:\/\/encuentroinformativo.com.mx\/?p=24610","title":{"rendered":"\u201cBoca del R\u00edo, preparado ante la entrada del Frente Fr\u00edo 35:\u201d Un\u00e1nue"},"content":{"rendered":"\n<p><em><strong>*Emite recomendaci\u00f3n a la poblaci\u00f3n<\/strong><\/em>.<\/p>\n\n\n\n<p><strong>*Se re\u00fane con los directores de las \u00e1reas operativas para ultimar detalles y para garantizar la seguridad de los boque\u00f1os<\/strong>.<\/p>\n\n\n\n<p><strong>*Se esperan vientos sostenidos de 90 a 110 kms\/hr. con rachas entre los 110 y 130 kms\/hr<\/strong><\/p>\n\n\n\n<p>Boca del R\u00edo, Ver.- Ante el pron\u00f3stico de la entrada del Frente Fr\u00edo 35, para este viernes por la noche, el cual traer\u00e1 vientos del norte con rachas de hasta 130 kil\u00f3metros por hora, el alcalde Juan Manuel Un\u00e1nue Abascal sostuvo una reuni\u00f3n con los directores de las \u00e1reas operativas del Ayuntamiento para ultimar detalles y garantizar la seguridad de los boque\u00f1os.<\/p>\n\n\n\n<p>Inform\u00f3 que desde hace unos d\u00edas han estado monitoreando el desarrollo de este fen\u00f3meno y al mismo tiempo han realizando labores de prevenci\u00f3n.<\/p>\n\n\n\n<p>Se\u00f1al\u00f3 que ante el reporte de las autoridades de Protecci\u00f3n Civil sobre la entrada de este Frente Fr\u00edo que posiblemente traer\u00e1 vientos sostenidos de 90 a 110 kil\u00f3metros por hora, con rachas entre los 110 y 130 kil\u00f3metros por hora, convoc\u00f3 a los directores de las \u00e1reas operativas como son Protecci\u00f3n Civil, Tr\u00e1nsito, Polic\u00eda, Gobernaci\u00f3n, Mantenimiento Urbano y Alumbrado P\u00fablico, para estar preparados para reducir riesgos y garantizar la seguridad de todas y todos.<\/p>\n\n\n\n<p>El Alcalde dio a conocer que una vez que comiencen a sentirse los efectos del norte, cerrar\u00e1n la circulaci\u00f3n del bulevar Manuel \u00c1vila Camacho, -desde el Hotel Lois hasta Juan Pablo II-, al igual que las playas.<\/p>\n\n\n\n<p>Asimismo, pidi\u00f3 a la poblaci\u00f3n seguir las siguientes recomendaciones:<\/p>\n\n\n\n<ul class=\"wp-block-list\"><li>Resguardar su seguridad en casa y sujetar firmemente todo lo que pueda salir proyectado.<\/li><li>Resguardar a sus mascotas en un lugar seguro.<\/li><li>Si se tiene la necesidad de salir a la calle, para protegerse de posibles riesgos, evitar pasar cerca de cualquier material u otro objeto que pueda caer como anuncios espectaculares, \u00e1rboles y cables de electricidad.<\/li><li>A los pescadores o a quienes tengan alguna embarcaci\u00f3n evitar salir al mar.<\/li><li>Estar pendiente de las actualizaciones del estado del tiempo que proporcionen las autoridades a trav\u00e9s de medios de comunicaci\u00f3n y sus cuentas oficiales de redes sociales.<\/li><\/ul>\n\n\n\n<p>Para atender los reportes en caso de registrarse alguna emergencia, puso a disposici\u00f3n de la poblaci\u00f3n los tel\u00e9fonos: 911 y el 2299862323.<\/p>\n","protected":false},"excerpt":{"rendered":"<p>*Emite recomendaci\u00f3n a la poblaci\u00f3n. *Se re\u00fane con los directores de las \u00e1reas operativas para ultimar detalles y para garantizar la seguridad de los boque\u00f1os. *Se esperan vientos sostenidos de 90 a 110 kms\/hr. con rachas entre los 110 y 130 kms\/hr Boca del R\u00edo, Ver.- Ante el pron\u00f3stico de la entrada del Frente Fr\u00edo [&hellip;]<\/p>\n","protected":false},"author":1,"featured_media":24611,"comment_status":"open","ping_status":"open","sticky":false,"template":"","format":"standard","meta":{"_jetpack_memberships_contains_paid_content":false,"footnotes":""},"categories":[2],"tags":[],"class_list":["post-24610","post","type-post","status-publish","format-standard","has-post-thumbnail","hentry","category-estado"],"jetpack_featured_media_url":"https:\/\/encuentroinformativo.com.mx\/wp-content\/uploads\/2022\/03\/EE2E1177-441C-4533-A310-76B3B9C3A19F.jpeg","jetpack_sharing_enabled":true,"jetpack_likes_enabled":true,"amp_enabled":true,"_links":{"self":[{"href":"https:\/\/encuentroinformativo.com.mx\/index.php?rest_route=\/wp\/v2\/posts\/24610","targetHints":{"allow":["GET"]}}],"collection":[{"href":"https:\/\/encuentroinformativo.com.mx\/index.php?rest_route=\/wp\/v2\/posts"}],"about":[{"href":"https:\/\/encuentroinformativo.com.mx\/index.php?rest_route=\/wp\/v2\/types\/post"}],"author":[{"embeddable":true,"href":"https:\/\/encuentroinformativo.com.mx\/index.php?rest_route=\/wp\/v2\/users\/1"}],"replies":[{"embeddable":true,"href":"https:\/\/encuentroinformativo.com.mx\/index.php?rest_route=%2Fwp%2Fv2%2Fcomments&post=24610"}],"version-history":[{"count":1,"href":"https:\/\/encuentroinformativo.com.mx\/index.php?rest_route=\/wp\/v2\/posts\/24610\/revisions"}],"predecessor-version":[{"id":24612,"href":"https:\/\/encuentroinformativo.com.mx\/index.php?rest_route=\/wp\/v2\/posts\/24610\/revisions\/24612"}],"wp:featuredmedia":[{"embeddable":true,"href":"https:\/\/encuentroinformativo.com.mx\/index.php?rest_route=\/wp\/v2\/media\/24611"}],"wp:attachment":[{"href":"https:\/\/encuentroinformativo.com.mx\/index.php?rest_route=%2Fwp%2Fv2%2Fmedia&parent=24610"}],"wp:term":[{"taxonomy":"category","embeddable":true,"href":"https:\/\/encuentroinformativo.com.mx\/index.php?rest_route=%2Fwp%2Fv2%2Fcategories&post=24610"},{"taxonomy":"post_tag","embeddable":true,"href":"https:\/\/encuentroinformativo.com.mx\/index.php?rest_route=%2Fwp%2Fv2%2Ftags&post=24610"}],"curies":[{"name":"wp","href":"https:\/\/api.w.org\/{rel}","templated":true}]}}