{"id":24613,"date":"2022-03-12T12:05:43","date_gmt":"2022-03-12T18:05:43","guid":{"rendered":"https:\/\/encuentroinformativo.com.mx\/?p=24613"},"modified":"2022-03-12T12:05:47","modified_gmt":"2022-03-12T18:05:47","slug":"ya-no-quiero-practicar-con-un-peluche","status":"publish","type":"post","link":"https:\/\/encuentroinformativo.com.mx\/?p=24613","title":{"rendered":"\u00a1Ya no quiero practicar con un peluche!"},"content":{"rendered":"\n<p><strong>N\u00fameros Rojos<\/strong><\/p>\n\n\n\n<p><strong>Brenda Caballero<\/strong><\/p>\n\n\n\n<p>Si usted no tiene miedo al Covid seguramente le tiene respeto, pues hemos sido testigos de una pandemia que nos ha quitado amigos, conocidos y seres queridos.<\/p>\n\n\n\n<p>Ayer cumplimos 2 a\u00f1os en M\u00e9xico desde que lleg\u00f3 el Covid. \u00bfCu\u00e1ndo se va a ir? \u00a1Nunca! As\u00ed lo demuestran los estudios cient\u00edficos\u2026 olas van, olas vienen, pero el virus vivir\u00e1 entre la poblaci\u00f3n de por vida, tal y como lo han hecho la influenza, la gripe, el VIH y otras enfermedades virales.&nbsp;<\/p>\n\n\n\n<p>\u00bfQu\u00e9 nos toca hacer? Cuidarnos, vacunarnos&nbsp;&nbsp;y extremar precauciones para evitar el contagio y la propagaci\u00f3n del virus.<\/p>\n\n\n\n<p>Los contagios siguen latentes todos los d\u00edas, por&nbsp;&nbsp;fortuna con s\u00edntomas leves a las personas que se vacunaron, pero tambi\u00e9n lamentablemente tenemos decesos, pocos, pero existen.<\/p>\n\n\n\n<p>Por eso llama la atenci\u00f3n que ante la protesta de estudiantes de enfermer\u00eda que hace unos d\u00edas cerraron la avenida Ruiz Cortines en la ciudad de Xalapa para exigir a las autoridades regresar a clases presenciales y salir de las clases virtuales, las autoridades universitarias digan que regresar\u00e1n a la modalidad presencial cuando las condiciones lo permitan. Dijeran los chavos: \u00bfes neta? A lo que obliga a preguntar: \u00bfcu\u00e1ndo llegar\u00e1n esas condiciones?<\/p>\n\n\n\n<p>Si bien la pandemia nos ha ense\u00f1ado a tener clases virtuales y hasta trabajo en casa, debemos reconocer que no todas las profesiones o trabajos son aptos para esta modalidad.&nbsp;<\/p>\n\n\n\n<p>Al menos el \u00e1rea de ciencias de la Salud como la Medicina, la Odontolog\u00eda y la Enfermer\u00eda necesitan pr\u00e1ctica en vivo y a todo color. No es lo mismo ver videos de youtoube de c\u00f3mo poner una sonda o un suero, a hacerlo o verlo en el lugar de los hechos. \u00a1Hasta para conocer el material empleado se requiere del tacto, no solamente del sentido de la vista! Por eso se entiende cuando alguien dice: \u00a1Ya no quiero practicar con un peluche!<\/p>\n\n\n\n<p>Recordemos que hay estudiantes que llevan dos a\u00f1os en l\u00ednea, es decir la mitad de la carrera. \u00bfC\u00f3mo podr\u00e1n emplearse en cl\u00ednicas y hospitales s\u00ed carecen de la pr\u00e1ctica?<\/p>\n\n\n\n<p>El pasado 2 de febrero las autoridades universitarias daban a conocer con bombo y platillo que regresaban a clases en sus modalidades presencial, h\u00edbrida mixta, y virtual o en l\u00ednea para el periodo febrero-julio en todas las regiones de la Universidad Veracruzana, respetando las medidas para evitar contagios de Covid 19. En aquel entonces dec\u00edan que Enfermer\u00eda, Medicina e Ingenier\u00eda regresaban a presencial, adem\u00e1s de los que cursaban idiomas en la USBI.<\/p>\n\n\n\n<p>\u00bfQu\u00e9 pas\u00f3 entonces que ahora los y las estudiantes salen a exigir clases presenciales en la zona de Xalapa? \u00bfPor qu\u00e9 las autoridades estudiantiles solamente les dan largas para \u201cnegociar\u201d ese regreso?<\/p>\n\n\n\n<p>Y la pregunta siguiente: Si algunos niveles escolares b\u00e1sicos ya est\u00e1n en clases presenciales escalonados \u00bfPor qu\u00e9 en la Universidad no pueden hacerlo?<\/p>\n\n\n\n<p>Y no vengan que por los contagios a trav\u00e9s de las gotas de saliva, porque empleadas y empleados que ofrecen servicios al p\u00fablico ya est\u00e1n laborando y hablan con m\u00e1s de 50 personas al d\u00eda.<\/p>\n\n\n\n<p>\u00a1Bien por los estudiantes que exigen sus clases! A\u00fan recuerdo cuando se iba un maestro y nos daba gusto no tener claes, pero despu\u00e9s en el trabajo me toc\u00f3 decir: \u00bfC\u00f3mo se hace esto? \u00bfPor qu\u00e9 no exig\u00ed que me dieran clases?<\/p>\n\n\n\n<p>Twiter: @NumerosRojos_BC<\/p>\n\n\n\n<p><a href=\"mailto:caballero_brenda@hotmail.com\" target=\"_blank\" rel=\"noreferrer noopener\">caballero_brenda@hotmail.com<\/a><\/p>\n","protected":false},"excerpt":{"rendered":"<p>N\u00fameros Rojos Brenda Caballero Si usted no tiene miedo al Covid seguramente le tiene respeto, pues hemos sido testigos de una pandemia que nos ha quitado amigos, conocidos y seres queridos. Ayer cumplimos 2 a\u00f1os en M\u00e9xico desde que lleg\u00f3 el Covid. \u00bfCu\u00e1ndo se va a ir? \u00a1Nunca! As\u00ed lo demuestran los estudios cient\u00edficos\u2026 olas [&hellip;]<\/p>\n","protected":false},"author":1,"featured_media":387,"comment_status":"open","ping_status":"open","sticky":false,"template":"","format":"standard","meta":{"_jetpack_memberships_contains_paid_content":false,"footnotes":""},"categories":[11],"tags":[],"class_list":["post-24613","post","type-post","status-publish","format-standard","has-post-thumbnail","hentry","category-opinion"],"jetpack_featured_media_url":"https:\/\/encuentroinformativo.com.mx\/wp-content\/uploads\/2020\/03\/7CF8A22B-2764-47BE-8F7F-38FE9E5D6A2F.jpeg","jetpack_sharing_enabled":true,"jetpack_likes_enabled":true,"amp_enabled":true,"_links":{"self":[{"href":"https:\/\/encuentroinformativo.com.mx\/index.php?rest_route=\/wp\/v2\/posts\/24613","targetHints":{"allow":["GET"]}}],"collection":[{"href":"https:\/\/encuentroinformativo.com.mx\/index.php?rest_route=\/wp\/v2\/posts"}],"about":[{"href":"https:\/\/encuentroinformativo.com.mx\/index.php?rest_route=\/wp\/v2\/types\/post"}],"author":[{"embeddable":true,"href":"https:\/\/encuentroinformativo.com.mx\/index.php?rest_route=\/wp\/v2\/users\/1"}],"replies":[{"embeddable":true,"href":"https:\/\/encuentroinformativo.com.mx\/index.php?rest_route=%2Fwp%2Fv2%2Fcomments&post=24613"}],"version-history":[{"count":1,"href":"https:\/\/encuentroinformativo.com.mx\/index.php?rest_route=\/wp\/v2\/posts\/24613\/revisions"}],"predecessor-version":[{"id":24614,"href":"https:\/\/encuentroinformativo.com.mx\/index.php?rest_route=\/wp\/v2\/posts\/24613\/revisions\/24614"}],"wp:featuredmedia":[{"embeddable":true,"href":"https:\/\/encuentroinformativo.com.mx\/index.php?rest_route=\/wp\/v2\/media\/387"}],"wp:attachment":[{"href":"https:\/\/encuentroinformativo.com.mx\/index.php?rest_route=%2Fwp%2Fv2%2Fmedia&parent=24613"}],"wp:term":[{"taxonomy":"category","embeddable":true,"href":"https:\/\/encuentroinformativo.com.mx\/index.php?rest_route=%2Fwp%2Fv2%2Fcategories&post=24613"},{"taxonomy":"post_tag","embeddable":true,"href":"https:\/\/encuentroinformativo.com.mx\/index.php?rest_route=%2Fwp%2Fv2%2Ftags&post=24613"}],"curies":[{"name":"wp","href":"https:\/\/api.w.org\/{rel}","templated":true}]}}