{"id":24615,"date":"2022-03-12T12:31:13","date_gmt":"2022-03-12T18:31:13","guid":{"rendered":"https:\/\/encuentroinformativo.com.mx\/?p=24615"},"modified":"2022-03-12T12:31:17","modified_gmt":"2022-03-12T18:31:17","slug":"demandan-perredistas-liberacion-de-rogelio-n","status":"publish","type":"post","link":"https:\/\/encuentroinformativo.com.mx\/?p=24615","title":{"rendered":"Demandan perredistas liberaci\u00f3n de Rogelio \u201cN\u201d"},"content":{"rendered":"\n<p><strong>Dar\u00edo Pale<\/strong><\/p>\n\n\n\n<p>Xalapa, Ver.- Integrantes del Partido de la Revoluci\u00f3n Democr\u00e1tica (PRD), solicitaron al gobernador del estado que deje de perseguir a la oposici\u00f3n, por lo que est\u00e1n exigiendo la liberaci\u00f3n del Rogelio N, adem\u00e1s de que enunciaron que usurpa funciones.<\/p>\n\n\n\n<p>En conferencia de prensa el dirigente estatal del PRD, Sergio Cadena Mart\u00ednez acompa\u00f1ado de el diputado Jes\u00fas Alberto Vel\u00e1zquez Flores, Edgar Pereira Ram\u00edrez integrante de la direcci\u00f3n nacional del partido, la diputada federal Elizabeth P\u00e9rez entre otros, exigieron la liberaci\u00f3n de Rogelio N y de todos los presos pol\u00edticos en Veracruz, acusados de ultrajes a la autoridad.<\/p>\n\n\n\n<p>Reiteraron al gobernador de Veracruz que deje de perseguir a los de la oposici\u00f3n ya que desde hace un a\u00f1o con la detenci\u00f3n de Rogelio N el partido manifest\u00f3 que esas acciones eran anticonstitucionales, ya que el delito de ultrajes a la autoridad es una medida pol\u00edtica de persecuci\u00f3n que el gobierno inicio en contra de la oposici\u00f3n.<\/p>\n\n\n\n<p>Dieron a conocer que Rogelio N deber\u00eda de estar libre, pero est\u00e1 pasando lo mismo que sucede en Puebla y en la Ciudad de M\u00e9xico donde gobierna Morena y orquestan una represi\u00f3n sistem\u00e1tica no s\u00f3lo contra los pol\u00edticos si no tambi\u00e9n en contra de los periodistas y defensores de los derechos humanos.<\/p>\n\n\n\n<p>En uso de la voz el diputado federal, Jes\u00fas Alberto Vel\u00e1zquez Flores, critic\u00f3 a la Fiscal\u00eda al asegurar que no es un \u00f3rgano aut\u00f3nomo &#8220;porque trabaja con descaro para el gobernador Cuitl\u00e1huac Garc\u00eda Jim\u00e9nez&#8221;.<\/p>\n\n\n\n<p>El Gobernador de Veracruz, Cuitl\u00e1huac Garc\u00eda Jim\u00e9nez, usurpa funciones y somete ilegalmente a presos pol\u00edticos de Veracruz, pero particularmente a Rogelio N, quien fue el primero de ellos y con quien a trav\u00e9s de una Fiscal\u00eda General del Estado a su servicio, contin\u00faa encarcelado no obstante estar amparado y con el delito de Ultrajes a la Autoridad declarado inconstitucional por la Suprema Corte de Justicia de la Naci\u00f3n.<\/p>\n\n\n\n<p>Veracruz vive en un periodo de indefensi\u00f3n ante las artima\u00f1as legaloides que el gobernador Cuitl\u00e1huac Garc\u00eda ha emprendido para detener a los opositores de su administraci\u00f3n, usando a la Fiscal\u00eda General del Estado como brazo ejecutor contra varios personajes e incluso contra civiles.<\/p>\n\n\n\n<p>\u201cVimos al Gobernador usurpar la funci\u00f3n de fiscal y se\u00f1alar las anomal\u00edas que para \u00e9l existen en el amparo que se le concedi\u00f3 a uno de los presos pol\u00edticos (Jos\u00e9 Manuel del R\u00edo Virgen), pero hay que dejar las cosas en claro: Rogelio (Franco) fue detenido por esta ley absurda e inconstitucional\u201d, se\u00f1al\u00f3.<\/p>\n\n\n\n<p>Asimismo, destac\u00f3 que en el caso de Rogelio Franco, es el \u00fanico donde se ejecut\u00f3 la detenci\u00f3n exclusivamente por este delito que, un d\u00eda antes, hab\u00eda sido reformado con la \u00fanica finalidad de meterlo preso a \u00e9l.<\/p>\n\n\n\n<p>Jes\u00fas Vel\u00e1quez indic\u00f3 que, un a\u00f1o despu\u00e9s, la exigencia ser\u00e1 la misma pero ahora con la raz\u00f3n que el m\u00e1ximo \u00f3rgano de justicia del pa\u00eds, la SCJN, otorg\u00f3 al PRD, declarando inconstitucional el delito de Ultrajes a la Autoridad.<\/p>\n\n\n\n<p>Finalmente dio a conocer que, \u201cseguiremos exigiendo una vez que se ha demostrado que tuvimos la raz\u00f3n hace un a\u00f1o; dijimos hace un a\u00f1o que era un delito inconstitucional y una reforma a modo, hecha exclusivamente para detener a opositores y voces que no le son agradables al gobernador, y ah\u00ed est\u00e1n las consecuencias, una vez m\u00e1s los exhibieron\u201d, concluy\u00f3.<\/p>\n","protected":false},"excerpt":{"rendered":"<p>Dar\u00edo Pale Xalapa, Ver.- Integrantes del Partido de la Revoluci\u00f3n Democr\u00e1tica (PRD), solicitaron al gobernador del estado que deje de perseguir a la oposici\u00f3n, por lo que est\u00e1n exigiendo la liberaci\u00f3n del Rogelio N, adem\u00e1s de que enunciaron que usurpa funciones. En conferencia de prensa el dirigente estatal del PRD, Sergio Cadena Mart\u00ednez acompa\u00f1ado de [&hellip;]<\/p>\n","protected":false},"author":1,"featured_media":24616,"comment_status":"open","ping_status":"open","sticky":false,"template":"","format":"standard","meta":{"_jetpack_memberships_contains_paid_content":false,"footnotes":""},"categories":[2],"tags":[],"class_list":["post-24615","post","type-post","status-publish","format-standard","has-post-thumbnail","hentry","category-estado"],"jetpack_featured_media_url":"https:\/\/encuentroinformativo.com.mx\/wp-content\/uploads\/2022\/03\/B72BAE49-5041-4F6A-A2E7-852D2C436DC9.jpeg","jetpack_sharing_enabled":true,"jetpack_likes_enabled":true,"amp_enabled":true,"_links":{"self":[{"href":"https:\/\/encuentroinformativo.com.mx\/index.php?rest_route=\/wp\/v2\/posts\/24615","targetHints":{"allow":["GET"]}}],"collection":[{"href":"https:\/\/encuentroinformativo.com.mx\/index.php?rest_route=\/wp\/v2\/posts"}],"about":[{"href":"https:\/\/encuentroinformativo.com.mx\/index.php?rest_route=\/wp\/v2\/types\/post"}],"author":[{"embeddable":true,"href":"https:\/\/encuentroinformativo.com.mx\/index.php?rest_route=\/wp\/v2\/users\/1"}],"replies":[{"embeddable":true,"href":"https:\/\/encuentroinformativo.com.mx\/index.php?rest_route=%2Fwp%2Fv2%2Fcomments&post=24615"}],"version-history":[{"count":1,"href":"https:\/\/encuentroinformativo.com.mx\/index.php?rest_route=\/wp\/v2\/posts\/24615\/revisions"}],"predecessor-version":[{"id":24617,"href":"https:\/\/encuentroinformativo.com.mx\/index.php?rest_route=\/wp\/v2\/posts\/24615\/revisions\/24617"}],"wp:featuredmedia":[{"embeddable":true,"href":"https:\/\/encuentroinformativo.com.mx\/index.php?rest_route=\/wp\/v2\/media\/24616"}],"wp:attachment":[{"href":"https:\/\/encuentroinformativo.com.mx\/index.php?rest_route=%2Fwp%2Fv2%2Fmedia&parent=24615"}],"wp:term":[{"taxonomy":"category","embeddable":true,"href":"https:\/\/encuentroinformativo.com.mx\/index.php?rest_route=%2Fwp%2Fv2%2Fcategories&post=24615"},{"taxonomy":"post_tag","embeddable":true,"href":"https:\/\/encuentroinformativo.com.mx\/index.php?rest_route=%2Fwp%2Fv2%2Ftags&post=24615"}],"curies":[{"name":"wp","href":"https:\/\/api.w.org\/{rel}","templated":true}]}}