{"id":24621,"date":"2022-03-12T12:53:20","date_gmt":"2022-03-12T18:53:20","guid":{"rendered":"https:\/\/encuentroinformativo.com.mx\/?p=24621"},"modified":"2022-03-12T12:53:24","modified_gmt":"2022-03-12T18:53:24","slug":"reportan-danos-menores-por-vientos-de-frente-frio","status":"publish","type":"post","link":"https:\/\/encuentroinformativo.com.mx\/?p=24621","title":{"rendered":"Reportan da\u00f1os menores por vientos de frente fr\u00edo"},"content":{"rendered":"\n<p><strong>Dar\u00edo Pale <\/strong><\/p>\n\n\n\n<p>Xalapa, Ver.- El Director de Protecci\u00f3n Civil de Xalapa, Luis Sardi\u00f1a, dio a conocer que no hay da\u00f1os que lamentar en Xalapa por el paso del Frente Fr\u00edo n\u00famero 35, esto luego de los fuertes vientos de norte, s\u00f3lo da\u00f1os leves.<\/p>\n\n\n\n<p>En entrevista se\u00f1al\u00f3 que el FF trajo vientos m\u00e1ximos de 43 kil\u00f3metros por hora, aunque en la madrugada se reportaron rachas intensas, pero sin que hubieran da\u00f1os que lamentar.<\/p>\n\n\n\n<p>Dio a conocer que por instrucciones del alcalde de Xalapa, Ricardo Ahued Bardahuil, habr\u00e1 una guardia durante las pr\u00f3ximas 24 horas para que se atienda cualquier emergencia.<\/p>\n\n\n\n<p>Hasta el momento se reportan tres \u00e1rboles ca\u00eddos, uno en Coatzacoalcos en el Fraccionamiento Veracruz, otro m\u00e1s en la calle Bugambilias, en el fraccionamiento Las \u00c1nimas y por \u00faltimo en la colonia Emiliano Zapata.<\/p>\n\n\n\n<p>Finalmente dio a conocer \u201ctenemos un port\u00f3n que se desfas\u00f3 de la escuela Art\u00edculo Tercero, y de ah\u00ed ha habido cosas peque\u00f1as, lonas se han ca\u00eddo, pero no tenemos nada que lamentar en este momento, las instrucciones del Presidente Ricardo Ahued son muy precisas, estamos en contacto con la CFE, Telmex, medio ambiente, salud, para poder atender cualquier emergencia\u201d.<\/p>\n","protected":false},"excerpt":{"rendered":"<p>Dar\u00edo Pale Xalapa, Ver.- El Director de Protecci\u00f3n Civil de Xalapa, Luis Sardi\u00f1a, dio a conocer que no hay da\u00f1os que lamentar en Xalapa por el paso del Frente Fr\u00edo n\u00famero 35, esto luego de los fuertes vientos de norte, s\u00f3lo da\u00f1os leves. En entrevista se\u00f1al\u00f3 que el FF trajo vientos m\u00e1ximos de 43 kil\u00f3metros [&hellip;]<\/p>\n","protected":false},"author":1,"featured_media":24622,"comment_status":"open","ping_status":"open","sticky":false,"template":"","format":"standard","meta":{"_jetpack_memberships_contains_paid_content":false,"footnotes":""},"categories":[3],"tags":[],"class_list":["post-24621","post","type-post","status-publish","format-standard","has-post-thumbnail","hentry","category-xalapa"],"jetpack_featured_media_url":"https:\/\/encuentroinformativo.com.mx\/wp-content\/uploads\/2022\/03\/9CB5EB9E-2712-49BF-99E7-B7E657420C60.jpeg","jetpack_sharing_enabled":true,"jetpack_likes_enabled":true,"amp_enabled":true,"_links":{"self":[{"href":"https:\/\/encuentroinformativo.com.mx\/index.php?rest_route=\/wp\/v2\/posts\/24621","targetHints":{"allow":["GET"]}}],"collection":[{"href":"https:\/\/encuentroinformativo.com.mx\/index.php?rest_route=\/wp\/v2\/posts"}],"about":[{"href":"https:\/\/encuentroinformativo.com.mx\/index.php?rest_route=\/wp\/v2\/types\/post"}],"author":[{"embeddable":true,"href":"https:\/\/encuentroinformativo.com.mx\/index.php?rest_route=\/wp\/v2\/users\/1"}],"replies":[{"embeddable":true,"href":"https:\/\/encuentroinformativo.com.mx\/index.php?rest_route=%2Fwp%2Fv2%2Fcomments&post=24621"}],"version-history":[{"count":1,"href":"https:\/\/encuentroinformativo.com.mx\/index.php?rest_route=\/wp\/v2\/posts\/24621\/revisions"}],"predecessor-version":[{"id":24623,"href":"https:\/\/encuentroinformativo.com.mx\/index.php?rest_route=\/wp\/v2\/posts\/24621\/revisions\/24623"}],"wp:featuredmedia":[{"embeddable":true,"href":"https:\/\/encuentroinformativo.com.mx\/index.php?rest_route=\/wp\/v2\/media\/24622"}],"wp:attachment":[{"href":"https:\/\/encuentroinformativo.com.mx\/index.php?rest_route=%2Fwp%2Fv2%2Fmedia&parent=24621"}],"wp:term":[{"taxonomy":"category","embeddable":true,"href":"https:\/\/encuentroinformativo.com.mx\/index.php?rest_route=%2Fwp%2Fv2%2Fcategories&post=24621"},{"taxonomy":"post_tag","embeddable":true,"href":"https:\/\/encuentroinformativo.com.mx\/index.php?rest_route=%2Fwp%2Fv2%2Ftags&post=24621"}],"curies":[{"name":"wp","href":"https:\/\/api.w.org\/{rel}","templated":true}]}}