{"id":24626,"date":"2022-03-13T12:57:17","date_gmt":"2022-03-13T18:57:17","guid":{"rendered":"https:\/\/encuentroinformativo.com.mx\/?p=24626"},"modified":"2022-03-13T12:57:21","modified_gmt":"2022-03-13T18:57:21","slug":"por-pandemia-sigue-cierre-de-negocios-en-xico","status":"publish","type":"post","link":"https:\/\/encuentroinformativo.com.mx\/?p=24626","title":{"rendered":"Por pandemia, sigue cierre de negocios en Xico"},"content":{"rendered":"\n<p><strong>Juan Arcos <\/strong><\/p>\n\n\n\n<p>Xico, Ver.- Prestadores de servicios del municipio de Xico y la regi\u00f3n capital han cerrado sus puertas debido a la crisis financiera derivada de la pandemia por Sars-Cov2 (Covid-19).<\/p>\n\n\n\n<p>Se trata de restauranteros y due\u00f1os de fondas peque\u00f1as que tuvieron que cerrar sus negocios por dicha situaci\u00f3n.<\/p>\n\n\n\n<p>De acuerdo con Luis Yahir Tlaxcalteco, encargado de uno de estos establecimientos en el Pueblo M\u00e1gico mencionado, sus ventas cayeron m\u00e1s del 50 por ciento por la contingencia sanitaria.<\/p>\n\n\n\n<p>La misma situaci\u00f3n se ha presentado en municipios aleda\u00f1os como Teocelo, Coatepec y Xalapa, la capital del estado de Veracruz.<\/p>\n\n\n\n<p>\u201cLos que cerraron son prestadores de servicio: restauranteros, propietarios de fondas, cosas as\u00ed, realmente a veces no hay para la renta o para contratar personal\u201d, coment\u00f3.<\/p>\n\n\n\n<p>Tambi\u00e9n mencion\u00f3 que han faltado pol\u00edticas p\u00fablicas para detonar el turismo en la zona, pues el flujo econ\u00f3mico depende de dicha actividad.<\/p>\n\n\n\n<p>El comerciante detall\u00f3 que los festivales \u201cOrgullo Navide\u00f1o\u201d y \u201cOrgullo Veracruzano\u201d que se han llevado a cabo en Coatepec, en nada han beneficiado a los municipios cercanos.<\/p>\n\n\n\n<p>\u201cLa gente se queda all\u00e1, ya no vienen para ac\u00e1. Necesitamos que haya festivales de este tipo en Xico, eso ser\u00eda de gran ayuda para la reactivaci\u00f3n econ\u00f3mica\u201d, agreg\u00f3.<\/p>\n\n\n\n<p>Los empresarios y comerciantes esperan un repunte considerable en ventas durante la temporada vacacional de Semana Santa.<\/p>\n","protected":false},"excerpt":{"rendered":"<p>Juan Arcos Xico, Ver.- Prestadores de servicios del municipio de Xico y la regi\u00f3n capital han cerrado sus puertas debido a la crisis financiera derivada de la pandemia por Sars-Cov2 (Covid-19). Se trata de restauranteros y due\u00f1os de fondas peque\u00f1as que tuvieron que cerrar sus negocios por dicha situaci\u00f3n. De acuerdo con Luis Yahir Tlaxcalteco, [&hellip;]<\/p>\n","protected":false},"author":1,"featured_media":24627,"comment_status":"open","ping_status":"open","sticky":false,"template":"","format":"standard","meta":{"_jetpack_memberships_contains_paid_content":false,"footnotes":""},"categories":[8],"tags":[],"class_list":["post-24626","post","type-post","status-publish","format-standard","has-post-thumbnail","hentry","category-region"],"jetpack_featured_media_url":"https:\/\/encuentroinformativo.com.mx\/wp-content\/uploads\/2022\/03\/E190315A-1B11-4AF0-BEB6-4D8D7436B072.jpeg","jetpack_sharing_enabled":true,"jetpack_likes_enabled":true,"amp_enabled":true,"_links":{"self":[{"href":"https:\/\/encuentroinformativo.com.mx\/index.php?rest_route=\/wp\/v2\/posts\/24626","targetHints":{"allow":["GET"]}}],"collection":[{"href":"https:\/\/encuentroinformativo.com.mx\/index.php?rest_route=\/wp\/v2\/posts"}],"about":[{"href":"https:\/\/encuentroinformativo.com.mx\/index.php?rest_route=\/wp\/v2\/types\/post"}],"author":[{"embeddable":true,"href":"https:\/\/encuentroinformativo.com.mx\/index.php?rest_route=\/wp\/v2\/users\/1"}],"replies":[{"embeddable":true,"href":"https:\/\/encuentroinformativo.com.mx\/index.php?rest_route=%2Fwp%2Fv2%2Fcomments&post=24626"}],"version-history":[{"count":1,"href":"https:\/\/encuentroinformativo.com.mx\/index.php?rest_route=\/wp\/v2\/posts\/24626\/revisions"}],"predecessor-version":[{"id":24628,"href":"https:\/\/encuentroinformativo.com.mx\/index.php?rest_route=\/wp\/v2\/posts\/24626\/revisions\/24628"}],"wp:featuredmedia":[{"embeddable":true,"href":"https:\/\/encuentroinformativo.com.mx\/index.php?rest_route=\/wp\/v2\/media\/24627"}],"wp:attachment":[{"href":"https:\/\/encuentroinformativo.com.mx\/index.php?rest_route=%2Fwp%2Fv2%2Fmedia&parent=24626"}],"wp:term":[{"taxonomy":"category","embeddable":true,"href":"https:\/\/encuentroinformativo.com.mx\/index.php?rest_route=%2Fwp%2Fv2%2Fcategories&post=24626"},{"taxonomy":"post_tag","embeddable":true,"href":"https:\/\/encuentroinformativo.com.mx\/index.php?rest_route=%2Fwp%2Fv2%2Ftags&post=24626"}],"curies":[{"name":"wp","href":"https:\/\/api.w.org\/{rel}","templated":true}]}}