{"id":24632,"date":"2022-03-13T13:12:37","date_gmt":"2022-03-13T19:12:37","guid":{"rendered":"https:\/\/encuentroinformativo.com.mx\/?p=24632"},"modified":"2022-03-13T13:12:44","modified_gmt":"2022-03-13T19:12:44","slug":"registra-xalapa-temperatura-mas-baja-de-temporada-invernal","status":"publish","type":"post","link":"https:\/\/encuentroinformativo.com.mx\/?p=24632","title":{"rendered":"Registra Xalapa temperatura m\u00e1s baja de temporada invernal"},"content":{"rendered":"\n<p><strong>Juan Arcos<\/strong><\/p>\n\n\n\n<p>Xalapa, Ver.- Este domingo 13 de marzo se registr\u00f3 una temperatura m\u00ednima de 5.8 grados cent\u00edgrados en la ciudad de Xalapa, siendo la m\u00e1s baja de esta temporada invernal 2021-2022.<\/p>\n\n\n\n<p>As\u00ed lo dio a conocer la jefa del departamento de Hidrometeorolog\u00eda de la Comisi\u00f3n Nacional del Agua (Conagua), Jessica Iveth Luna Lagunes.<\/p>\n\n\n\n<p>La especialista indic\u00f3 que se espera la disminuci\u00f3n de nublados y algunos periodos de sol, mismos que aumentar\u00e1n durante el lunes y parte del martes.<\/p>\n\n\n\n<p>\u201cAl momento, modelos de pron\u00f3stico indican un posible evento de norte pero de menor intensidad el pr\u00f3ximo martes 15 de marzo. Se mantendr\u00e1 en vigilancia\u201d, expres\u00f3.<\/p>\n\n\n\n<p>La Secretar\u00eda de Protecci\u00f3n Civil (PC) emiti\u00f3 un aviso especial por ambiente fresco a fr\u00edo por la noche de este domingo y la madrugada del lunes, con heladas en partes altas.<\/p>\n\n\n\n<p>Tambi\u00e9n inform\u00f3 que disminuir\u00eda la probabilidad de lluvias y nieblas eventuales. Adem\u00e1s que el evento de norte alcanzar\u00eda rachas m\u00ednimas de 35 a 40 kil\u00f3metros por hora en zonas de costa.<\/p>\n\n\n\n<p>La dependencia estatal, a cargo de Guadalupe Osorno Maldonado, desactiv\u00f3 la Alerta Gris y mantiene el aviso especial por otro frente fr\u00edo de menor intensidad para el martes 15 de marzo.<\/p>\n","protected":false},"excerpt":{"rendered":"<p>Juan Arcos Xalapa, Ver.- Este domingo 13 de marzo se registr\u00f3 una temperatura m\u00ednima de 5.8 grados cent\u00edgrados en la ciudad de Xalapa, siendo la m\u00e1s baja de esta temporada invernal 2021-2022. As\u00ed lo dio a conocer la jefa del departamento de Hidrometeorolog\u00eda de la Comisi\u00f3n Nacional del Agua (Conagua), Jessica Iveth Luna Lagunes. La [&hellip;]<\/p>\n","protected":false},"author":1,"featured_media":24633,"comment_status":"open","ping_status":"open","sticky":false,"template":"","format":"standard","meta":{"_jetpack_memberships_contains_paid_content":false,"footnotes":""},"categories":[3],"tags":[],"class_list":["post-24632","post","type-post","status-publish","format-standard","has-post-thumbnail","hentry","category-xalapa"],"jetpack_featured_media_url":"https:\/\/encuentroinformativo.com.mx\/wp-content\/uploads\/2022\/03\/B47F719C-6AA0-4EB2-9523-1BCDAD3C9B41.jpeg","jetpack_sharing_enabled":true,"jetpack_likes_enabled":true,"amp_enabled":true,"_links":{"self":[{"href":"https:\/\/encuentroinformativo.com.mx\/index.php?rest_route=\/wp\/v2\/posts\/24632","targetHints":{"allow":["GET"]}}],"collection":[{"href":"https:\/\/encuentroinformativo.com.mx\/index.php?rest_route=\/wp\/v2\/posts"}],"about":[{"href":"https:\/\/encuentroinformativo.com.mx\/index.php?rest_route=\/wp\/v2\/types\/post"}],"author":[{"embeddable":true,"href":"https:\/\/encuentroinformativo.com.mx\/index.php?rest_route=\/wp\/v2\/users\/1"}],"replies":[{"embeddable":true,"href":"https:\/\/encuentroinformativo.com.mx\/index.php?rest_route=%2Fwp%2Fv2%2Fcomments&post=24632"}],"version-history":[{"count":1,"href":"https:\/\/encuentroinformativo.com.mx\/index.php?rest_route=\/wp\/v2\/posts\/24632\/revisions"}],"predecessor-version":[{"id":24634,"href":"https:\/\/encuentroinformativo.com.mx\/index.php?rest_route=\/wp\/v2\/posts\/24632\/revisions\/24634"}],"wp:featuredmedia":[{"embeddable":true,"href":"https:\/\/encuentroinformativo.com.mx\/index.php?rest_route=\/wp\/v2\/media\/24633"}],"wp:attachment":[{"href":"https:\/\/encuentroinformativo.com.mx\/index.php?rest_route=%2Fwp%2Fv2%2Fmedia&parent=24632"}],"wp:term":[{"taxonomy":"category","embeddable":true,"href":"https:\/\/encuentroinformativo.com.mx\/index.php?rest_route=%2Fwp%2Fv2%2Fcategories&post=24632"},{"taxonomy":"post_tag","embeddable":true,"href":"https:\/\/encuentroinformativo.com.mx\/index.php?rest_route=%2Fwp%2Fv2%2Ftags&post=24632"}],"curies":[{"name":"wp","href":"https:\/\/api.w.org\/{rel}","templated":true}]}}