{"id":24640,"date":"2022-03-14T09:22:29","date_gmt":"2022-03-14T15:22:29","guid":{"rendered":"https:\/\/encuentroinformativo.com.mx\/?p=24640"},"modified":"2022-03-14T09:22:33","modified_gmt":"2022-03-14T15:22:33","slug":"quiero-estar-con-mi-hija","status":"publish","type":"post","link":"https:\/\/encuentroinformativo.com.mx\/?p=24640","title":{"rendered":"\u00a1Quiero estar con mi hija!"},"content":{"rendered":"\n<p><strong>N\u00fameros Rojos<\/strong><\/p>\n\n\n\n<p><strong>Brenda Caballero<\/strong><\/p>\n\n\n\n<p>Fue el 10 de diciembre de 2017 cuando lleg\u00f3 alcoholizado, gritando e insult\u00e1ndome a m\u00ed y a mi hijo de entonces 14 a\u00f1os. No era la primera vez. Desde noviembre del 2016 yo hab\u00eda buscado ayuda por su constante violencia familiar. Por eso, ese d\u00eda cerr\u00e9 la puerta, ya que mi hijo quer\u00eda intervenir y defenderme. Le ped\u00ed que fuera con mi hija de 5 a\u00f1os a resguardarla y tranquilizarla. Me defend\u00ed como pude, pero no fue suficiente. Me peg\u00f3 en la cabeza y ante los constantes golpes rebot\u00e9 en la pared. Por un momento qued\u00e9 aturdida, situaci\u00f3n que \u00e9l aprovech\u00f3 para arrebatarle de los brazos a mi hija y llev\u00e1rsela.<\/p>\n\n\n\n<p>Ten\u00eda golpes m\u00faltiples en el cuerpo, me lux\u00f3 el hombro, tuve que usar collar\u00edn por las lesiones en el cuello. Estuve en rehabilitaci\u00f3n en el Creever cuando sal\u00ed del hospital. \u00bfPor qu\u00e9 no me fui de la casa? Soy de Culiac\u00e1n, no tengo familiares aqu\u00ed.<\/p>\n\n\n\n<p>\u2013\u00bfDenunciaste?\u2013 Le pregunto.<\/p>\n\n\n\n<p>\u2013\u00a1Claro! Con testigos, videos y \u00bfsabes qu\u00e9? \u00a1No pas\u00f3 nada!\u2013 Me dice \u2013\u00a1Hasta me trataron como delincuente!<\/p>\n\n\n\n<p>Ella es una de las muchas mujeres que sufren violencia intrafamiliar y por desgracia violencia institucional, ya que entre la burocracia y la pandemia de Covid 19 no ha visto f\u00edsicamente a su hija desde hace 4 a\u00f1os.&nbsp;<\/p>\n\n\n\n<p>Recuerda que en alguna ocasi\u00f3n hasta la abuela de la ni\u00f1a le dijo:<\/p>\n\n\n\n<p>\u2013\u00bfCu\u00e1nto dinero por la ni\u00f1a?<\/p>\n\n\n\n<p>\u2013\u00a1Mi hija no est\u00e1 en venta!\u2013 Le respondi\u00f3 pero el tiempo en que estuvo en rehabilitaci\u00f3n tanto f\u00edsica como emocional, fue aprovechado por el padre de la peque\u00f1a para solicitar el dep\u00f3sito o guarda y custodia de la peque\u00f1a a nombre de su abuela paterna en el juzgado Octavo familiar con sede en Xalapa. \u201cLo hizo con informaci\u00f3n falsa, pues la ni\u00f1a vive con \u00e9l\u201d.<\/p>\n\n\n\n<p>\u201cTuve que conformarme con los d\u00edas martes, jueves y s\u00e1bados para ver a mi hija en el Centro de Convivencia Familiar del Estado (Cecofam). Fueron pocos d\u00edas los que convivimos como madre e hija, pues despu\u00e9s ya no la llev\u00f3 con el pretexto de que entr\u00f3 a la escuela. La metieron a clases extracurriculares para justificarlo. En ese peque\u00f1o tiempo me di cuenta que le hablaban mal de m\u00ed, le dec\u00edan que yo era una bruja y que no quer\u00eda verla. Ante esa situaci\u00f3n fui a la escuela para ver a mi ni\u00f1a. All\u00ed me di cuenta que la llevaba sucia y orinada al aula, con su mochila y cuadernos llenos de moho. Le compr\u00e9 alguna ropa a mi hija y le llevaba hasta comida\u201d, pero la dej\u00f3 de llevar su padre para que no la viera, \u201cy se encarg\u00f3 en la escuela de hablar mal de m\u00ed, al grado de que me negaron la entrada\u201d.<\/p>\n\n\n\n<p>\u201cHe hecho hasta lo imposible por ver a mi hija. Sigo con mi lucha en los juzgados. He acudido al DIF, a Derechos Humanos, hasta met\u00ed un escrito al Gobernador del Estado, el Ingeniero Cuitl\u00e1huac Garc\u00eda Jim\u00e9nez para su intervenci\u00f3n. Una vez la fiscal que lleva mi caso me dijo que deb\u00eda haber algo chueco, pues despu\u00e9s de tanto tiempo en donde \u00e9l no ha cumplido con llevarme a mi hija es incre\u00edble que las autoridades no lo obliguen a hacerlo\u201d.<\/p>\n\n\n\n<p>Y lleg\u00f3 la pandemia de Covid 19. \u201cYo estaba contenta porque por fin \u00edbamos a estar juntas. Por disposici\u00f3n judicial le tocaba estar unos d\u00edas de vacaciones de diciembre conmigo pero no la llev\u00f3 porque argument\u00f3 que estaba muy enferma del est\u00f3mago, a lo que el juez expres\u00f3 que aunque estuviera hospitalizada, en ese tiempo la ni\u00f1a deber\u00eda estar con su mam\u00e1 y que me iban a recompensar el tiempo de no estar juntas\u201d; sin embargo, no pas\u00f3 nada; no hubo castigo por incumplimiento de un mandato judicial.<\/p>\n\n\n\n<p>En el 2020, \u201cmi hija tuvo un accidente, nunca me avisaron, me enter\u00e9 por la maestra\u201d. Le estuvo llamando al padre para ver c\u00f3mo estaba su hija, \u201cme contest\u00f3 hasta que quiso con un \u00a1Qu\u00e9 chingaos quieres!\u201d<\/p>\n\n\n\n<p>Lleva tres carpetas de investigaci\u00f3n, y por pandemia \u00fanicamente le permiten ver a su hija por videollamada de lunes a viernes, de 17 a 17:30 horas, y los s\u00e1bados, de once a 11:30, \u201cmedia hora en la que no podemos hablar libremente porque ellos est\u00e1n pendientes de la conversaci\u00f3n. En la que no puedo decirle a mi hija \u00bfHola mi vida, c\u00f3mo est\u00e1s? \u00a1Te amo con todo mi coraz\u00f3n! Porque se molestan e intervienen para que no le diga as\u00ed. Situaci\u00f3n que hice saber al entonces juez Cristian, de que en&nbsp;&nbsp;mi media hora interviene toda la familia y mi hija hasta ve de lado para que no muestre sentimientos hacia m\u00ed, porque la rega\u00f1an\u201d.<\/p>\n\n\n\n<p>Ante esa situaci\u00f3n, compr\u00f3 unos aud\u00edfonos y se le indic\u00f3 al padre de la ni\u00f1a por escrito que ten\u00eda que usarlos en la videollamada, de lo contrario se har\u00eda acreedor a un apercibimiento. \u201cPero siguen sin acatar las indicaciones judiciales, \u00a1Y no pasa nada!\u201d<\/p>\n\n\n\n<p>\u201cEl a\u00f1o pasado que me tocaba ver nuevamente a mi hija en periodo vacacional de diciembre, pas\u00f3 lo mismo\u2026 no la llev\u00f3, pero eso s\u00ed, llev\u00f3 un escrito que la ni\u00f1a ten\u00eda Covid. \u00bfPor qu\u00e9 no investigan? \u00bfPor qu\u00e9 le creen a este se\u00f1or que me ha violentado f\u00edsica y psicol\u00f3gicamentea a m\u00ed y a mi hijo? \u00bfQu\u00e9 hay detr\u00e1s de todo este proceso con informaci\u00f3n falsa? \u00bfPor qu\u00e9 si incumple, no le revocan el dep\u00f3sito de persona?\u201d<\/p>\n\n\n\n<p>Ella cuenta que han cambiado al juez. Actualmente es una mujer y espera cambios en el proceso de investigaci\u00f3n; que tomen en cuenta las carpetas de violencia intrafamiliar y que se d\u00e9 sentencia definitiva.&nbsp;<\/p>\n\n\n\n<p>Hace un llamado a la Fiscal del Estado, Ver\u00f3nica Hern\u00e1ndez Giad\u00e1ns, y a la titular del Poder Judicial, Isabel In\u00e9s Romero Cruz para que tomen cartas en su asunto y que se haga justicia pues en cuatro a\u00f1os y tres meses s\u00f3lo le han dicho que tenga paciencia.<\/p>\n\n\n\n<p>\u201c\u00a1Basta de espantarnos y de violentarnos! pues el hecho de que no pase nada implica que existan m\u00e1s violaciones y feminicidios. Como sociedad necesitamos hacer algo o de lo contrario preguntarnos \u00bfQu\u00e9 generaciones vamos a tener?\u201d<\/p>\n\n\n\n<p>Por obvias razones omito los nombres de los implicados, pero no as\u00ed la historia, para que las autoridades competentes tomen cartas en el asunto y hagan posible el deseo de una madre que solo pide una cosa: \u00a1Estar con su hija!&nbsp;<\/p>\n\n\n\n<p>Twiter: @NumerosRojos_BC<\/p>\n\n\n\n<p><a href=\"mailto:caballero_brenda@hotmail.com\" target=\"_blank\" rel=\"noreferrer noopener\">caballero_brenda@hotmail.com<\/a><\/p>\n","protected":false},"excerpt":{"rendered":"<p>N\u00fameros Rojos Brenda Caballero Fue el 10 de diciembre de 2017 cuando lleg\u00f3 alcoholizado, gritando e insult\u00e1ndome a m\u00ed y a mi hijo de entonces 14 a\u00f1os. No era la primera vez. Desde noviembre del 2016 yo hab\u00eda buscado ayuda por su constante violencia familiar. Por eso, ese d\u00eda cerr\u00e9 la puerta, ya que mi [&hellip;]<\/p>\n","protected":false},"author":1,"featured_media":387,"comment_status":"open","ping_status":"open","sticky":false,"template":"","format":"standard","meta":{"_jetpack_memberships_contains_paid_content":false,"footnotes":""},"categories":[11],"tags":[],"class_list":["post-24640","post","type-post","status-publish","format-standard","has-post-thumbnail","hentry","category-opinion"],"jetpack_featured_media_url":"https:\/\/encuentroinformativo.com.mx\/wp-content\/uploads\/2020\/03\/7CF8A22B-2764-47BE-8F7F-38FE9E5D6A2F.jpeg","jetpack_sharing_enabled":true,"jetpack_likes_enabled":true,"amp_enabled":true,"_links":{"self":[{"href":"https:\/\/encuentroinformativo.com.mx\/index.php?rest_route=\/wp\/v2\/posts\/24640","targetHints":{"allow":["GET"]}}],"collection":[{"href":"https:\/\/encuentroinformativo.com.mx\/index.php?rest_route=\/wp\/v2\/posts"}],"about":[{"href":"https:\/\/encuentroinformativo.com.mx\/index.php?rest_route=\/wp\/v2\/types\/post"}],"author":[{"embeddable":true,"href":"https:\/\/encuentroinformativo.com.mx\/index.php?rest_route=\/wp\/v2\/users\/1"}],"replies":[{"embeddable":true,"href":"https:\/\/encuentroinformativo.com.mx\/index.php?rest_route=%2Fwp%2Fv2%2Fcomments&post=24640"}],"version-history":[{"count":1,"href":"https:\/\/encuentroinformativo.com.mx\/index.php?rest_route=\/wp\/v2\/posts\/24640\/revisions"}],"predecessor-version":[{"id":24641,"href":"https:\/\/encuentroinformativo.com.mx\/index.php?rest_route=\/wp\/v2\/posts\/24640\/revisions\/24641"}],"wp:featuredmedia":[{"embeddable":true,"href":"https:\/\/encuentroinformativo.com.mx\/index.php?rest_route=\/wp\/v2\/media\/387"}],"wp:attachment":[{"href":"https:\/\/encuentroinformativo.com.mx\/index.php?rest_route=%2Fwp%2Fv2%2Fmedia&parent=24640"}],"wp:term":[{"taxonomy":"category","embeddable":true,"href":"https:\/\/encuentroinformativo.com.mx\/index.php?rest_route=%2Fwp%2Fv2%2Fcategories&post=24640"},{"taxonomy":"post_tag","embeddable":true,"href":"https:\/\/encuentroinformativo.com.mx\/index.php?rest_route=%2Fwp%2Fv2%2Ftags&post=24640"}],"curies":[{"name":"wp","href":"https:\/\/api.w.org\/{rel}","templated":true}]}}