{"id":24663,"date":"2022-03-14T13:42:40","date_gmt":"2022-03-14T19:42:40","guid":{"rendered":"https:\/\/encuentroinformativo.com.mx\/?p=24663"},"modified":"2022-03-14T13:42:44","modified_gmt":"2022-03-14T19:42:44","slug":"esperan-50-mil-visitantes-diarios-a-cumbre-tajin","status":"publish","type":"post","link":"https:\/\/encuentroinformativo.com.mx\/?p=24663","title":{"rendered":"Esperan 50 mil visitantes diarios a Cumbre Taj\u00edn"},"content":{"rendered":"\n<p><strong>Dar\u00edo Pale <\/strong><\/p>\n\n\n\n<p>Xalapa, Ver.- Esperan 50 mil personas diarias en la Cumbre Taj\u00edn, ya que habr\u00e1 m\u00e1s de 500 actividades, as\u00ed lo dio a conocer la titular de la Secretar\u00eda de Turismo del Estado, X\u00f3chitl Arbes\u00fa Lago.<\/p>\n\n\n\n<p>En conferencia de prensa dio a conocer que, el programa general durante el 18, 19 y 20 de marzo para celebrar el decenio internacional de la poblaciones ind\u00edgenas del mundo, el decenio de las lenguas ind\u00edgenas y el decenio internacional para los afrodescendientes.<\/p>\n\n\n\n<p>Estar\u00e1 la premio Nobel de Paz, Rigoberta Mench\u00fa, la chef Clarita, se celebrar\u00e1 la tercera muestra de cine &#8220;Veracruz me llena de orgullo&#8221;, una exhibici\u00f3n de danzas tradicionales, la ceremonia de juego de pelota mesoamericano.<\/p>\n\n\n\n<p>Asimismo, encuentro de medicina tradicional, \u00a0 muestra editorial en lenguas ind\u00edgenas, encuentro de l\u00edderes ind\u00edgenas de varias partes del pa\u00eds, foro de desaf\u00edos de la participaci\u00f3n de mujeres ind\u00edgenas, intercambio de conocimientos de m\u00e9dicos tradicionales, curanderos, parteras, temascaleras y culebreros del sur de Veracruz, entre muchos otros.<\/p>\n\n\n\n<p>La Secretaria puntualiz\u00f3 que el aforo estar\u00e1 limitado a 500 personas por d\u00eda para la zona arqueol\u00f3gica de El Taj\u00edn.<\/p>\n\n\n\n<p>Por \u00faltimo destac\u00f3 que hasta este momento ya hay reservaciones por arriba del 90 por ciento en el sector hotelero en la zona norte.<\/p>\n","protected":false},"excerpt":{"rendered":"<p>Dar\u00edo Pale Xalapa, Ver.- Esperan 50 mil personas diarias en la Cumbre Taj\u00edn, ya que habr\u00e1 m\u00e1s de 500 actividades, as\u00ed lo dio a conocer la titular de la Secretar\u00eda de Turismo del Estado, X\u00f3chitl Arbes\u00fa Lago. En conferencia de prensa dio a conocer que, el programa general durante el 18, 19 y 20 de [&hellip;]<\/p>\n","protected":false},"author":1,"featured_media":24664,"comment_status":"open","ping_status":"open","sticky":false,"template":"","format":"standard","meta":{"_jetpack_memberships_contains_paid_content":false,"footnotes":""},"categories":[2],"tags":[],"class_list":["post-24663","post","type-post","status-publish","format-standard","has-post-thumbnail","hentry","category-estado"],"jetpack_featured_media_url":"https:\/\/encuentroinformativo.com.mx\/wp-content\/uploads\/2022\/03\/AB5C8379-6F4A-430E-9ABD-626B756BC3C6.jpeg","jetpack_sharing_enabled":true,"jetpack_likes_enabled":true,"amp_enabled":true,"_links":{"self":[{"href":"https:\/\/encuentroinformativo.com.mx\/index.php?rest_route=\/wp\/v2\/posts\/24663","targetHints":{"allow":["GET"]}}],"collection":[{"href":"https:\/\/encuentroinformativo.com.mx\/index.php?rest_route=\/wp\/v2\/posts"}],"about":[{"href":"https:\/\/encuentroinformativo.com.mx\/index.php?rest_route=\/wp\/v2\/types\/post"}],"author":[{"embeddable":true,"href":"https:\/\/encuentroinformativo.com.mx\/index.php?rest_route=\/wp\/v2\/users\/1"}],"replies":[{"embeddable":true,"href":"https:\/\/encuentroinformativo.com.mx\/index.php?rest_route=%2Fwp%2Fv2%2Fcomments&post=24663"}],"version-history":[{"count":1,"href":"https:\/\/encuentroinformativo.com.mx\/index.php?rest_route=\/wp\/v2\/posts\/24663\/revisions"}],"predecessor-version":[{"id":24665,"href":"https:\/\/encuentroinformativo.com.mx\/index.php?rest_route=\/wp\/v2\/posts\/24663\/revisions\/24665"}],"wp:featuredmedia":[{"embeddable":true,"href":"https:\/\/encuentroinformativo.com.mx\/index.php?rest_route=\/wp\/v2\/media\/24664"}],"wp:attachment":[{"href":"https:\/\/encuentroinformativo.com.mx\/index.php?rest_route=%2Fwp%2Fv2%2Fmedia&parent=24663"}],"wp:term":[{"taxonomy":"category","embeddable":true,"href":"https:\/\/encuentroinformativo.com.mx\/index.php?rest_route=%2Fwp%2Fv2%2Fcategories&post=24663"},{"taxonomy":"post_tag","embeddable":true,"href":"https:\/\/encuentroinformativo.com.mx\/index.php?rest_route=%2Fwp%2Fv2%2Ftags&post=24663"}],"curies":[{"name":"wp","href":"https:\/\/api.w.org\/{rel}","templated":true}]}}