{"id":24683,"date":"2022-03-14T14:22:28","date_gmt":"2022-03-14T20:22:28","guid":{"rendered":"https:\/\/encuentroinformativo.com.mx\/?p=24683"},"modified":"2022-03-14T14:22:32","modified_gmt":"2022-03-14T20:22:32","slug":"demandan-clases-presenciales-en-ingenieria-uv","status":"publish","type":"post","link":"https:\/\/encuentroinformativo.com.mx\/?p=24683","title":{"rendered":"Demandan clases presenciales en ingenier\u00eda UV"},"content":{"rendered":"\n<p><strong>Alejandro \u00c1vila<\/strong><\/p>\n\n\n\n<p>Boca del R\u00edo, Ver.- Con la consigna de regresar a clases presenciales lo antes posible, alumnos de la Facultad de Ingenier\u00eda de la Universidad Veracruzana realizaron un bloqueo en el bulevar &#8220;Adolfo Ruiz Cortines&#8221;.<\/p>\n\n\n\n<p>Los manifestantes se dijeron molestos, pues en otras facultades, desde el mes de febrero ya regresaron a clases presenciales.<\/p>\n\n\n\n<p>Los estudiantes declararon que el rector argumenta que, el edificio principal y varias aulas se encuentran en remodelaci\u00f3n; sin embargo, dijeron que desde antes de la pandemia la situaci\u00f3n de infraestructura era la misma, y a pesar de ello ten\u00edan clases presenciales.<\/p>\n\n\n\n<p>&#8220;Entendemos que quiz\u00e1 sea un poco complicado, pero se puede considerar el hecho de ingresar en peque\u00f1os grupos para que podamos hacer las practicas necesarias\u201d, mencion\u00f3 uno de los afectados.<\/p>\n\n\n\n<p>Los manifestantes se dijeron alumnos de los \u00faltimos semestres, mismos que aquejan la falta de pr\u00e1ctica en los talleres y laboratorios, por lo que consideran tendr\u00e1n graves problemas al graduarse e ingresar al campo laboral.<\/p>\n","protected":false},"excerpt":{"rendered":"<p>Alejandro \u00c1vila Boca del R\u00edo, Ver.- Con la consigna de regresar a clases presenciales lo antes posible, alumnos de la Facultad de Ingenier\u00eda de la Universidad Veracruzana realizaron un bloqueo en el bulevar &#8220;Adolfo Ruiz Cortines&#8221;. Los manifestantes se dijeron molestos, pues en otras facultades, desde el mes de febrero ya regresaron a clases presenciales. [&hellip;]<\/p>\n","protected":false},"author":1,"featured_media":24684,"comment_status":"open","ping_status":"open","sticky":false,"template":"","format":"standard","meta":{"_jetpack_memberships_contains_paid_content":false,"footnotes":""},"categories":[2],"tags":[],"class_list":["post-24683","post","type-post","status-publish","format-standard","has-post-thumbnail","hentry","category-estado"],"jetpack_featured_media_url":"https:\/\/encuentroinformativo.com.mx\/wp-content\/uploads\/2022\/03\/8289F86C-3927-4F09-A4E8-673ADF67A83F.jpeg","jetpack_sharing_enabled":true,"jetpack_likes_enabled":true,"amp_enabled":true,"_links":{"self":[{"href":"https:\/\/encuentroinformativo.com.mx\/index.php?rest_route=\/wp\/v2\/posts\/24683","targetHints":{"allow":["GET"]}}],"collection":[{"href":"https:\/\/encuentroinformativo.com.mx\/index.php?rest_route=\/wp\/v2\/posts"}],"about":[{"href":"https:\/\/encuentroinformativo.com.mx\/index.php?rest_route=\/wp\/v2\/types\/post"}],"author":[{"embeddable":true,"href":"https:\/\/encuentroinformativo.com.mx\/index.php?rest_route=\/wp\/v2\/users\/1"}],"replies":[{"embeddable":true,"href":"https:\/\/encuentroinformativo.com.mx\/index.php?rest_route=%2Fwp%2Fv2%2Fcomments&post=24683"}],"version-history":[{"count":1,"href":"https:\/\/encuentroinformativo.com.mx\/index.php?rest_route=\/wp\/v2\/posts\/24683\/revisions"}],"predecessor-version":[{"id":24685,"href":"https:\/\/encuentroinformativo.com.mx\/index.php?rest_route=\/wp\/v2\/posts\/24683\/revisions\/24685"}],"wp:featuredmedia":[{"embeddable":true,"href":"https:\/\/encuentroinformativo.com.mx\/index.php?rest_route=\/wp\/v2\/media\/24684"}],"wp:attachment":[{"href":"https:\/\/encuentroinformativo.com.mx\/index.php?rest_route=%2Fwp%2Fv2%2Fmedia&parent=24683"}],"wp:term":[{"taxonomy":"category","embeddable":true,"href":"https:\/\/encuentroinformativo.com.mx\/index.php?rest_route=%2Fwp%2Fv2%2Fcategories&post=24683"},{"taxonomy":"post_tag","embeddable":true,"href":"https:\/\/encuentroinformativo.com.mx\/index.php?rest_route=%2Fwp%2Fv2%2Ftags&post=24683"}],"curies":[{"name":"wp","href":"https:\/\/api.w.org\/{rel}","templated":true}]}}