{"id":24689,"date":"2022-03-14T17:12:45","date_gmt":"2022-03-14T23:12:45","guid":{"rendered":"https:\/\/encuentroinformativo.com.mx\/?p=24689"},"modified":"2022-03-14T17:12:48","modified_gmt":"2022-03-14T23:12:48","slug":"lista-cumbre-tajin-con-mas-de-500-actividades","status":"publish","type":"post","link":"https:\/\/encuentroinformativo.com.mx\/?p=24689","title":{"rendered":"Lista Cumbre Taj\u00edn con m\u00e1s de 500 actividades"},"content":{"rendered":"\n<p>Xalapa, Ver.- En conferencia del gobernador Cuitl\u00e1huac Garc\u00eda Jim\u00e9nez, la titular de la Secretar\u00eda de Turismo y Cultura (SECTUR), Xochitl Arbes\u00fa Lago, reiter\u00f3 la invitaci\u00f3n a Cumbre Taj\u00edn, cuya organizaci\u00f3n tiene listas m\u00e1s de 500 actividades culturales, art\u00edsticas y de aprendizaje en una comunidad viva y milenaria como es el Totonacapan, del 18 al 20 de marzo.<\/p>\n\n\n\n<p>De regreso a los eventos masivos, la zona arqueol\u00f3gica El Taj\u00edn permanecer\u00e1 abierta hasta el 21, d\u00eda del equinoccio de primavera, a un aforo de por lo menos 500 personas a la vez, por lo cual la servidora p\u00fablica exhort\u00f3 a llegar con tiempo y no perderse esta experiencia en los vestigios m\u00e1s importantes de la entidad.<\/p>\n\n\n\n<p>Las 17 casas-escuela del Centro de las Artes Ind\u00edgenas, dijo, abrir\u00e1n sus puertas a quienes se interesen por la cocina, alfarer\u00eda, pintura, medicina, danza y bordado tradicionales, adem\u00e1s del Ritual de Voladores, muestras editoriales, de cine y fotograf\u00eda, juego de pelota mesoamericana y la exposici\u00f3n artesanal Hecho en Veracruz que impulsa la Secretar\u00eda de Desarrollo Econ\u00f3mico estatal.<\/p>\n\n\n\n<p>Celebr\u00f3 que en el marco de los decenios mundiales de las Poblaciones y Lenguas Ind\u00edgenas, as\u00ed como la visita de la Premio Nobel Rigoberta Mench\u00fa, haya por primera vez un eslogan en totonaco, convencida de que hablar de la paz, el papel de las mujeres y los pueblos originarios es fundamental para forjar una misma ruta, precisamente la referencia del vocablo <em>Limakaxtum, Unidos volamos m\u00e1s alto<\/em>.<\/p>\n\n\n\n<p><em>Seguridad P\u00fablica<\/em><\/p>\n\n\n\n<p>La Secretar\u00eda de Seguridad P\u00fablica (SSP) tendr\u00e1 presencia en los principales puntos de Papantla: la cabecera municipal, la zona arqueol\u00f3gica y el Parque Takilhsukut, coordinada por un mando ligado al Centro Estatal de Control, Comando, Comunicaciones y C\u00f3mputo que concentrar\u00e1 personal de Guardia Nacional, Polic\u00eda Estatal, Fuerza Civil, Servicios de Salud, bomberos y Ayuntamiento.<\/p>\n\n\n\n<p>La vigilancia estar\u00e1 a cargo de 341 elementos con 31 patrullas y 15 motos, seis binomios caninos y 10 equinos, un grupo de 40 antimotines y cuatro filtros de revisi\u00f3n por parte de las direcciones de Tr\u00e1nsito y Transporte en Totomoxtle, Sesteo de las \u00c1guilas, Boulevard Taj\u00edn y localidad El Taj\u00edn.<\/p>\n\n\n\n<p><em>Protecci\u00f3n Civil<\/em><\/p>\n\n\n\n<p>La Secretar\u00eda de Protecci\u00f3n Civil montar\u00e1 un centro de operaciones para monitoreo de riesgos y emergencias, previa revisi\u00f3n de estructuras susceptibles de da\u00f1os f\u00edsicos o incendios, con brigadas de primeros auxilios, evacuaci\u00f3n de inmuebles y manejo de extintores, equipos de supervisi\u00f3n y asistencia en instalaciones el\u00e9ctricas y de gas, en colaboraci\u00f3n con otras instancias como Cruz Roja y Cruz \u00c1mbar, Centro Regulador de Urgencias M\u00e9dicas y direcciones municipales.<\/p>\n\n\n\n<p>Durante los eventos ser\u00e1 emitido el aviso correspondiente sobre salidas de emergencia, rutas de evacuaci\u00f3n, puntos de reuni\u00f3n y m\u00f3dulos de asistencia, mientras que la fuerza de tarea contar\u00e1 con cuatro camionetas, un veh\u00edculo de ataque r\u00e1pido, un cami\u00f3n cisterna, dos cuatrimotos y sistema de radio; m\u00e1s el Centro de Comunicaciones y sus l\u00edneas sin costo: (800) 260 1300, 716 3410 y 716 3411.<\/p>\n\n\n\n<p>Al destacar la colocaci\u00f3n de filtros sanitarios y solicitar el uso de cubrebocas, la Secretaria refiri\u00f3 que hay un 99 por ciento de reservaci\u00f3n hotelera en Papantla y m\u00e1s del 80 en Poza Rica, con la expectativa de recibir 50 mil visitantes por d\u00eda; al tiempo que el Gobernador subray\u00f3 la reducci\u00f3n del tiempo de viaje desde Xalapa con la autopista Cardel-Poza Rica ya en funcionamiento.<\/p>\n","protected":false},"excerpt":{"rendered":"<p>Xalapa, Ver.- En conferencia del gobernador Cuitl\u00e1huac Garc\u00eda Jim\u00e9nez, la titular de la Secretar\u00eda de Turismo y Cultura (SECTUR), Xochitl Arbes\u00fa Lago, reiter\u00f3 la invitaci\u00f3n a Cumbre Taj\u00edn, cuya organizaci\u00f3n tiene listas m\u00e1s de 500 actividades culturales, art\u00edsticas y de aprendizaje en una comunidad viva y milenaria como es el Totonacapan, del 18 al 20 [&hellip;]<\/p>\n","protected":false},"author":1,"featured_media":12162,"comment_status":"open","ping_status":"open","sticky":false,"template":"","format":"standard","meta":{"_jetpack_memberships_contains_paid_content":false,"footnotes":""},"categories":[2],"tags":[],"class_list":["post-24689","post","type-post","status-publish","format-standard","has-post-thumbnail","hentry","category-estado"],"jetpack_featured_media_url":"https:\/\/encuentroinformativo.com.mx\/wp-content\/uploads\/2021\/03\/0ABC96B7-4BD5-4DB0-9183-0E3D32A5E67D.jpeg","jetpack_sharing_enabled":true,"jetpack_likes_enabled":true,"amp_enabled":true,"_links":{"self":[{"href":"https:\/\/encuentroinformativo.com.mx\/index.php?rest_route=\/wp\/v2\/posts\/24689","targetHints":{"allow":["GET"]}}],"collection":[{"href":"https:\/\/encuentroinformativo.com.mx\/index.php?rest_route=\/wp\/v2\/posts"}],"about":[{"href":"https:\/\/encuentroinformativo.com.mx\/index.php?rest_route=\/wp\/v2\/types\/post"}],"author":[{"embeddable":true,"href":"https:\/\/encuentroinformativo.com.mx\/index.php?rest_route=\/wp\/v2\/users\/1"}],"replies":[{"embeddable":true,"href":"https:\/\/encuentroinformativo.com.mx\/index.php?rest_route=%2Fwp%2Fv2%2Fcomments&post=24689"}],"version-history":[{"count":1,"href":"https:\/\/encuentroinformativo.com.mx\/index.php?rest_route=\/wp\/v2\/posts\/24689\/revisions"}],"predecessor-version":[{"id":24690,"href":"https:\/\/encuentroinformativo.com.mx\/index.php?rest_route=\/wp\/v2\/posts\/24689\/revisions\/24690"}],"wp:featuredmedia":[{"embeddable":true,"href":"https:\/\/encuentroinformativo.com.mx\/index.php?rest_route=\/wp\/v2\/media\/12162"}],"wp:attachment":[{"href":"https:\/\/encuentroinformativo.com.mx\/index.php?rest_route=%2Fwp%2Fv2%2Fmedia&parent=24689"}],"wp:term":[{"taxonomy":"category","embeddable":true,"href":"https:\/\/encuentroinformativo.com.mx\/index.php?rest_route=%2Fwp%2Fv2%2Fcategories&post=24689"},{"taxonomy":"post_tag","embeddable":true,"href":"https:\/\/encuentroinformativo.com.mx\/index.php?rest_route=%2Fwp%2Fv2%2Ftags&post=24689"}],"curies":[{"name":"wp","href":"https:\/\/api.w.org\/{rel}","templated":true}]}}