{"id":24694,"date":"2022-03-14T19:44:29","date_gmt":"2022-03-15T01:44:29","guid":{"rendered":"https:\/\/encuentroinformativo.com.mx\/?p=24694"},"modified":"2022-03-14T19:45:07","modified_gmt":"2022-03-15T01:45:07","slug":"se-reactiva-chachalacas-como-destino-turistico","status":"publish","type":"post","link":"https:\/\/encuentroinformativo.com.mx\/?p=24694","title":{"rendered":"Se reactiva Chachalacas como destino tur\u00edstico"},"content":{"rendered":"\n<p><strong>Redacci\u00f3n\u00a0<\/strong><\/p>\n\n\n\n<p>Xalapa, Ver.- El gobernador del estado Cuitl\u00e1huac Garc\u00eda Jim\u00e9nez dio a conocer las acciones que se realizan en Playa de Chachalacas perteneciente al municipio de \u00darsulo Galv\u00e1n con la finalidad de promover la actividad tur\u00edstica de la zona.&nbsp;<\/p>\n\n\n\n<p>En conferencia de prensa, el ejecutivo estatal fue cuestionado sobre la gira que efectu\u00f3 durante el fin de semana por dicha regi\u00f3n, ante lo cual coment\u00f3 que est\u00e1 por concluirse la entrega de un primer paquete de obras que los vecinos del lugar han promovido en redes sociales.<\/p>\n\n\n\n<p><strong>\u201cHemos hecho una inversi\u00f3n fuerte en este lugar, es un lugar conocido por el turismo nacional, la Playa de Chachalacas ahora ya tiene una infraestructura nueva\u2026 fui a supervisar porque ya estamos por entregar una buena parte de estas obras, estamos iniciando otras\u201d.\u00a0<\/strong><\/p>\n\n\n\n<p>La gente ha empezado tambi\u00e9n ha invertir en sus negocios, dijo, es lo que nos da gusto, que <strong>el apoyo que hemos dado para la infraestructura motiv\u00f3 a muchos locatarios a invertirle a sus negocios.<\/strong><\/p>\n\n\n\n<p>Garc\u00eda Jim\u00e9nez dijo que est\u00e1n programando jornadas con los mismos habitantes y autoridades del municipio para mantener acciones de limpieza.<\/p>\n\n\n\n<p><strong>\u201cEs un cambio muy palpable estamos invitando a la gente que vaya para visitar Chachalacas\u201d<\/strong>, puntualiz\u00f3.<\/p>\n\n\n\n<p><strong>Foto:<\/strong>&nbsp;Redes Sociales&nbsp;<\/p>\n","protected":false},"excerpt":{"rendered":"<p>Redacci\u00f3n\u00a0 Xalapa, Ver.- El gobernador del estado Cuitl\u00e1huac Garc\u00eda Jim\u00e9nez dio a conocer las acciones que se realizan en Playa de Chachalacas perteneciente al municipio de \u00darsulo Galv\u00e1n con la finalidad de promover la actividad tur\u00edstica de la zona.&nbsp; En conferencia de prensa, el ejecutivo estatal fue cuestionado sobre la gira que efectu\u00f3 durante el [&hellip;]<\/p>\n","protected":false},"author":2476,"featured_media":24692,"comment_status":"open","ping_status":"open","sticky":false,"template":"","format":"standard","meta":{"_jetpack_memberships_contains_paid_content":false,"footnotes":""},"categories":[8],"tags":[],"class_list":["post-24694","post","type-post","status-publish","format-standard","has-post-thumbnail","hentry","category-region"],"jetpack_featured_media_url":"https:\/\/encuentroinformativo.com.mx\/wp-content\/uploads\/2022\/03\/3BA745E0-0FC1-4E1B-9607-58601198CAB9.jpeg","jetpack_sharing_enabled":true,"jetpack_likes_enabled":true,"amp_enabled":true,"_links":{"self":[{"href":"https:\/\/encuentroinformativo.com.mx\/index.php?rest_route=\/wp\/v2\/posts\/24694","targetHints":{"allow":["GET"]}}],"collection":[{"href":"https:\/\/encuentroinformativo.com.mx\/index.php?rest_route=\/wp\/v2\/posts"}],"about":[{"href":"https:\/\/encuentroinformativo.com.mx\/index.php?rest_route=\/wp\/v2\/types\/post"}],"author":[{"embeddable":true,"href":"https:\/\/encuentroinformativo.com.mx\/index.php?rest_route=\/wp\/v2\/users\/2476"}],"replies":[{"embeddable":true,"href":"https:\/\/encuentroinformativo.com.mx\/index.php?rest_route=%2Fwp%2Fv2%2Fcomments&post=24694"}],"version-history":[{"count":2,"href":"https:\/\/encuentroinformativo.com.mx\/index.php?rest_route=\/wp\/v2\/posts\/24694\/revisions"}],"predecessor-version":[{"id":24696,"href":"https:\/\/encuentroinformativo.com.mx\/index.php?rest_route=\/wp\/v2\/posts\/24694\/revisions\/24696"}],"wp:featuredmedia":[{"embeddable":true,"href":"https:\/\/encuentroinformativo.com.mx\/index.php?rest_route=\/wp\/v2\/media\/24692"}],"wp:attachment":[{"href":"https:\/\/encuentroinformativo.com.mx\/index.php?rest_route=%2Fwp%2Fv2%2Fmedia&parent=24694"}],"wp:term":[{"taxonomy":"category","embeddable":true,"href":"https:\/\/encuentroinformativo.com.mx\/index.php?rest_route=%2Fwp%2Fv2%2Fcategories&post=24694"},{"taxonomy":"post_tag","embeddable":true,"href":"https:\/\/encuentroinformativo.com.mx\/index.php?rest_route=%2Fwp%2Fv2%2Ftags&post=24694"}],"curies":[{"name":"wp","href":"https:\/\/api.w.org\/{rel}","templated":true}]}}