{"id":24698,"date":"2022-03-14T23:18:09","date_gmt":"2022-03-15T05:18:09","guid":{"rendered":"https:\/\/encuentroinformativo.com.mx\/?p=24698"},"modified":"2022-03-14T23:18:13","modified_gmt":"2022-03-15T05:18:13","slug":"evalua-comision-avance-del-proyecto-de-corredor-interoceanico-del-istmo","status":"publish","type":"post","link":"https:\/\/encuentroinformativo.com.mx\/?p=24698","title":{"rendered":"Eval\u00faa Comisi\u00f3n avance del proyecto de Corredor Interoce\u00e1nico del Istmo"},"content":{"rendered":"\n<p><strong>*Con la presencia del titular de la Sedecop, la Comisi\u00f3n de Corredor Interoce\u00e1nico, Zonas Libres y Desarrollo Econ\u00f3mico avala su Programa Anual de Trabajo.<\/strong><\/p>\n\n\n\n<p>Xalapa, Ver.- La Comisi\u00f3n Permanente de Corredor Interoce\u00e1nico, Zonas Libres y Desarrollo Econ\u00f3mico de la LXVI Legislatura se reuni\u00f3 con coordinadores del Proyecto del Corredor Interoce\u00e1nico del Istmo de Tehuantepec (CIIT), as\u00ed como con autoridades del Poder Ejecutivo estatal, para estudiar los avances del programa y realizar un an\u00e1lisis de las estrategias para el desarrollo de esta regi\u00f3n.<\/p>\n\n\n\n<p>En entrevista, esta instancia legislativa, integrada por la diputada Eusebia Cort\u00e9s P\u00e9rez y por los diputados Luis Antonio Luna Rosales y Sergio Lenin Guzm\u00e1n Ricardez, presidenta, secretario y vocal, respectivamente, consider\u00f3 que este proyecto dar\u00e1 resultados palpables a las y los ciudadanos.<\/p>\n\n\n\n<p>La legisladora Cort\u00e9s P\u00e9rez detall\u00f3 que, durante la presentaci\u00f3n del titular de la Unidad de Desarrollo Regional y Bienestar Social, H\u00e9ctor Ram\u00edrez Reyes, pudo constatar que el programa propone estrategias que beneficiar\u00e1n directamente a las y los ciudadanos que habitan esa zona.<\/p>\n\n\n\n<p>Explic\u00f3 que el citado programa contempla un progreso integral que prev\u00e9 no solo las plataformas log\u00edsticas y el desarrollo de los polos, con la integraci\u00f3n de los puertos y el impulso para la producci\u00f3n industrial, y de las micro, peque\u00f1as y medianas empresas y emprendimientos comunitarios, sino que tambi\u00e9n se fortalecer\u00e1n los sectores productivos como el agroalimentario, industria, turismo, comercio y de servicios, entre otros.<\/p>\n\n\n\n<p>\u201cEste proyecto es una esperanza que se abre para toda la poblaci\u00f3n, ya que viene acompa\u00f1ado de grandes proyectos como empleo, infraestructura, turismo y cultura, por mencionar algunos, los cuales reactivar\u00e1n la econom\u00eda de la regi\u00f3n impactando directamente en el desarrollo econ\u00f3mico y social\u201d, a\u00f1adi\u00f3 la Diputada.<\/p>\n\n\n\n<p>Finalmente, se\u00f1al\u00f3 que esta Comisi\u00f3n realizar\u00e1 un arduo trabajo a trav\u00e9s de reformas legislativas y dem\u00e1s gestiones que coadyuven en la realizaci\u00f3n de este proyecto. Asegur\u00f3 que \u201cseremos portavoz de la sociedad para que, en coordinaci\u00f3n con los gobiernos municipales, se pueda gestionar y lograr los objetivos\u201d.<\/p>\n\n\n\n<p>En esta reuni\u00f3n estuvieron presentes tambi\u00e9n, por parte de la CIIT, el coordinador general para el Fomento Industrial y Roberto Col\u00edn Garc\u00eda, Coordinador General de Estrategia de Financiamiento, Investigaci\u00f3n, Tecnolog\u00eda e Innovaci\u00f3n, Eduardo Romero Fong; por la Sedecop, su titular, Enrique de Jes\u00fas Nach\u00f3n Garc\u00eda; el subsecretario de Industria, Atracci\u00f3n de Inversiones, Comercio Exterior y Proyectos Estrat\u00e9gicos, Ricardo Mancisidor Landa, y el coordinador de Proyectos Estrat\u00e9gicos y del Istmo de Tehuantepec, V\u00edctor Gonzalo Romero S\u00e1nchez.<\/p>\n\n\n\n<p>Avala Comisi\u00f3n su Programa Anual de Trabajo<\/p>\n\n\n\n<p>Ante el Secretario de Desarrollo Econ\u00f3mico y Portuario, la Comisi\u00f3n Permanente de Corredor Interoce\u00e1nico, Zonas Libres y Desarrollo Econ\u00f3mico de la LXVI Legislatura aval\u00f3 su Programa Anual de Trabajo, bajo los ejes rectores del proceso legislativo, vinculaci\u00f3n institucional y empresarial y de difusi\u00f3n y comunicaci\u00f3n.<\/p>\n\n\n\n<p>El documento precisa las labores que realizar\u00e1 este \u00f3rgano legislativo durante su primer a\u00f1o de ejercicio constitucional, como el an\u00e1lisis y estudio de los asuntos turnados por la Mesa Directiva, la realizaci\u00f3n de propuestas y dict\u00e1menes que coadyuven en el fortalecimiento del desarrollo econ\u00f3mico de la entidad y el Corredor Interoce\u00e1nico.<\/p>\n\n\n\n<p>As\u00ed como la evaluaci\u00f3n y el seguimiento de los programas y las acciones implementados por la federaci\u00f3n, el gobierno estatal y los municipios en la materia; la realizaci\u00f3n de foros informativos denominados \u201cCIIT, una oportunidad de crecimiento\u201d, en coordinaci\u00f3n con diversas instituciones en las regiones y municipios en los que tendr\u00e1n un impacto positivo del Corredor, y mesas de trabajo con autoridades municipales para el desarrollo del mismo.<\/p>\n\n\n\n<p>A esto se a\u00f1ade la vinculaci\u00f3n con instituciones p\u00fablicas y privadas, en busca de la retroalimentaci\u00f3n que genere igualdad sustantiva logrando una visi\u00f3n objetiva de las problem\u00e1ticas que presentan los involucrados en el \u00e1rea de desarrollo econ\u00f3mico, ponderando, en todo momento, la difusi\u00f3n y promoci\u00f3n de las actividades que realice la Comisi\u00f3n, como convocatorias, encuentros y reuniones, entre otros, con la participaci\u00f3n de empresarios, autoridades y ciudadan\u00eda en general.<\/p>\n","protected":false},"excerpt":{"rendered":"<p>*Con la presencia del titular de la Sedecop, la Comisi\u00f3n de Corredor Interoce\u00e1nico, Zonas Libres y Desarrollo Econ\u00f3mico avala su Programa Anual de Trabajo. Xalapa, Ver.- La Comisi\u00f3n Permanente de Corredor Interoce\u00e1nico, Zonas Libres y Desarrollo Econ\u00f3mico de la LXVI Legislatura se reuni\u00f3 con coordinadores del Proyecto del Corredor Interoce\u00e1nico del Istmo de Tehuantepec (CIIT), [&hellip;]<\/p>\n","protected":false},"author":1,"featured_media":24699,"comment_status":"open","ping_status":"open","sticky":false,"template":"","format":"standard","meta":{"_jetpack_memberships_contains_paid_content":false,"footnotes":""},"categories":[2],"tags":[],"class_list":["post-24698","post","type-post","status-publish","format-standard","has-post-thumbnail","hentry","category-estado"],"jetpack_featured_media_url":"https:\/\/encuentroinformativo.com.mx\/wp-content\/uploads\/2022\/03\/BEF3D852-370E-4A70-838B-81F271AEF9EA.jpeg","jetpack_sharing_enabled":true,"jetpack_likes_enabled":true,"amp_enabled":true,"_links":{"self":[{"href":"https:\/\/encuentroinformativo.com.mx\/index.php?rest_route=\/wp\/v2\/posts\/24698","targetHints":{"allow":["GET"]}}],"collection":[{"href":"https:\/\/encuentroinformativo.com.mx\/index.php?rest_route=\/wp\/v2\/posts"}],"about":[{"href":"https:\/\/encuentroinformativo.com.mx\/index.php?rest_route=\/wp\/v2\/types\/post"}],"author":[{"embeddable":true,"href":"https:\/\/encuentroinformativo.com.mx\/index.php?rest_route=\/wp\/v2\/users\/1"}],"replies":[{"embeddable":true,"href":"https:\/\/encuentroinformativo.com.mx\/index.php?rest_route=%2Fwp%2Fv2%2Fcomments&post=24698"}],"version-history":[{"count":1,"href":"https:\/\/encuentroinformativo.com.mx\/index.php?rest_route=\/wp\/v2\/posts\/24698\/revisions"}],"predecessor-version":[{"id":24700,"href":"https:\/\/encuentroinformativo.com.mx\/index.php?rest_route=\/wp\/v2\/posts\/24698\/revisions\/24700"}],"wp:featuredmedia":[{"embeddable":true,"href":"https:\/\/encuentroinformativo.com.mx\/index.php?rest_route=\/wp\/v2\/media\/24699"}],"wp:attachment":[{"href":"https:\/\/encuentroinformativo.com.mx\/index.php?rest_route=%2Fwp%2Fv2%2Fmedia&parent=24698"}],"wp:term":[{"taxonomy":"category","embeddable":true,"href":"https:\/\/encuentroinformativo.com.mx\/index.php?rest_route=%2Fwp%2Fv2%2Fcategories&post=24698"},{"taxonomy":"post_tag","embeddable":true,"href":"https:\/\/encuentroinformativo.com.mx\/index.php?rest_route=%2Fwp%2Fv2%2Ftags&post=24698"}],"curies":[{"name":"wp","href":"https:\/\/api.w.org\/{rel}","templated":true}]}}