{"id":247,"date":"2020-02-29T14:46:40","date_gmt":"2020-02-29T20:46:40","guid":{"rendered":"https:\/\/encuentroinformativodotcomdotmx.wordpress.com\/2020\/02\/29\/colectivos-de-busqueda-piden-no-suspender-apoyos-de-la-federacion\/"},"modified":"2020-02-29T14:46:40","modified_gmt":"2020-02-29T20:46:40","slug":"colectivos-de-busqueda-piden-no-suspender-apoyos-de-la-federacion","status":"publish","type":"post","link":"https:\/\/encuentroinformativo.com.mx\/?p=247","title":{"rendered":"Colectivos de b\u00fasqueda piden no suspender apoyos de la Federaci\u00f3n"},"content":{"rendered":"\n<figure class=\"wp-block-image size-large\"><img loading=\"lazy\" decoding=\"async\" width=\"960\" height=\"749\" src=\"https:\/\/encuentroinformativo.com.mx\/wp-content\/uploads\/2020\/02\/ezy-watermark_29-02-2020_02-40-47p.m..jpg?w=960\" alt=\"\" class=\"wp-image-246\" srcset=\"https:\/\/encuentroinformativo.com.mx\/wp-content\/uploads\/2020\/02\/ezy-watermark_29-02-2020_02-40-47p.m..jpg 960w, https:\/\/encuentroinformativo.com.mx\/wp-content\/uploads\/2020\/02\/ezy-watermark_29-02-2020_02-40-47p.m.-300x234.jpg 300w, https:\/\/encuentroinformativo.com.mx\/wp-content\/uploads\/2020\/02\/ezy-watermark_29-02-2020_02-40-47p.m.-768x599.jpg 768w\" sizes=\"auto, (max-width: 960px) 100vw, 960px\" \/><\/figure>\n\n\n\n<p><strong>Dar\u00edo Pale <\/strong><\/p>\n\n\n\n<p>Xalapa, Ver.- Integrantes de b\u00fasqueda de desaparecidos se manifestaron en Plaza Lerdo y a un costado de palacio de gobierno donde acusaron que la titular de la Comisi\u00f3n Ejecutiva de Atenci\u00f3n a V\u00edctimas (CEAV) Mara G\u00f3mez P\u00e9rez les quiere retirar los apoyos de la federaci\u00f3n y est\u00e1 solicitando al gobernador del estado Cuitl\u00e1huac Garc\u00eda Jim\u00e9nez a que tambi\u00e9n los deje de apoyar.<\/p>\n\n\n\n<p>Entrevistado durante la manifestaci\u00f3n Carlos Salda\u00f1a Grajales del colectivo familiar \u201cEnlaces Xalapa\u201d, quien tiene dos hijos desaparecidos dio a conocer que la nueva comisionada ejecutiva de atenci\u00f3n a la ley de v\u00edctimas les quiere retirar los poyos que por ley se les tiene que otorgar.<\/p>\n\n\n\n<p>Los apoyos consisten en pagos de traslados a la ciudadan\u00eda de M\u00e9xico para ver el avance de las carpetas de investigaci\u00f3n, al igual que a otros estados para buscar a sus familiares en reclusorios incluso en terrenos donde hay fosas clandestinas.<\/p>\n\n\n\n<p>Gracias a las aportaciones que han hecho es aproximadamente entre el 75 y 80 por ciento de la integraci\u00f3n de las carpetas gracias a ello se ha podido tener m\u00e1s avances y actualmente la comisionada la cual tiene dos meses les quiere retirar esos apoyos.<\/p>\n\n\n\n<p>El pretexto que est\u00e1 dando la comisionada es que ese trabajo ya no lo deben de hacer ellos ya que es el trabajo de los polic\u00edas ministeriales, pero lamentablemente los elementos no han hecho nada al respecto, no obstante ellos han encontrado ranchos, predios donde no se pueden meter.<\/p>\n\n\n\n<p>Por su parte la se\u00f1ora Rosalba Contreras Esp\u00edritu, integrante del Colectivo Buscando a Nuestros Desaparecidos y Desaparecidas Veracruz, consider\u00f3 que al recortar los recursos se estar\u00edan violentando los derechos de las familias.<\/p>\n\n\n\n<p>\u201cYa no tenemos apoyos, ya no podemos continuar con nuestras b\u00fasquedas, y eso es lo que m\u00e1s nos puede, porque si las familias no buscamos las autoridades jam\u00e1s van a buscar\u201d, acus\u00f3.<\/p>\n\n\n\n<p>Explic\u00f3 que todas las familias han mostrado que su inter\u00e9s es localizar a sus hijos o esposos, y el Gobierno federal dejar\u00e1 de ministrar el dinero con el argumento que los familiares han encontrado una forma de vida.<\/p>\n\n\n\n<p>\u201cLos que buscamos y trabajamos queremos seguir, no se vale que nos recorten el dinero (\u2026) somos varios colectivos esta Grupo Enlace, Por la Paz, Buscando a Nuestros Desaparecidos y as\u00ed como nosotros todo el Estado\u201d.<\/p>\n\n\n\n<p>Por \u00faltimo dieron a conocer que se tendr\u00eda que modificar la ley de v\u00edctimas, para limitar el financiamiento para la b\u00fasqueda de personas desaparecidos o no localizadas, que ha permitido aportar informaci\u00f3n a las carpetas de investigaci\u00f3n que hay en la Fiscal\u00eda.<\/p>\n","protected":false},"excerpt":{"rendered":"<p>Dar\u00edo Pale Xalapa, Ver.- Integrantes de b\u00fasqueda de desaparecidos se manifestaron en Plaza Lerdo y a un costado de palacio de gobierno donde acusaron que la titular de la Comisi\u00f3n Ejecutiva de Atenci\u00f3n a V\u00edctimas (CEAV) Mara G\u00f3mez P\u00e9rez les quiere retirar los apoyos de la federaci\u00f3n y est\u00e1 solicitando al gobernador del estado Cuitl\u00e1huac [&hellip;]<\/p>\n","protected":false},"author":1,"featured_media":245,"comment_status":"open","ping_status":"open","sticky":false,"template":"","format":"standard","meta":{"_jetpack_memberships_contains_paid_content":false,"footnotes":""},"categories":[3],"tags":[],"class_list":["post-247","post","type-post","status-publish","format-standard","has-post-thumbnail","hentry","category-xalapa"],"jetpack_featured_media_url":"https:\/\/encuentroinformativo.com.mx\/wp-content\/uploads\/2020\/02\/ezy-watermark_29-02-2020_02-41-22p.m..jpg","jetpack_sharing_enabled":true,"jetpack_likes_enabled":true,"amp_enabled":true,"_links":{"self":[{"href":"https:\/\/encuentroinformativo.com.mx\/index.php?rest_route=\/wp\/v2\/posts\/247","targetHints":{"allow":["GET"]}}],"collection":[{"href":"https:\/\/encuentroinformativo.com.mx\/index.php?rest_route=\/wp\/v2\/posts"}],"about":[{"href":"https:\/\/encuentroinformativo.com.mx\/index.php?rest_route=\/wp\/v2\/types\/post"}],"author":[{"embeddable":true,"href":"https:\/\/encuentroinformativo.com.mx\/index.php?rest_route=\/wp\/v2\/users\/1"}],"replies":[{"embeddable":true,"href":"https:\/\/encuentroinformativo.com.mx\/index.php?rest_route=%2Fwp%2Fv2%2Fcomments&post=247"}],"version-history":[{"count":0,"href":"https:\/\/encuentroinformativo.com.mx\/index.php?rest_route=\/wp\/v2\/posts\/247\/revisions"}],"wp:featuredmedia":[{"embeddable":true,"href":"https:\/\/encuentroinformativo.com.mx\/index.php?rest_route=\/wp\/v2\/media\/245"}],"wp:attachment":[{"href":"https:\/\/encuentroinformativo.com.mx\/index.php?rest_route=%2Fwp%2Fv2%2Fmedia&parent=247"}],"wp:term":[{"taxonomy":"category","embeddable":true,"href":"https:\/\/encuentroinformativo.com.mx\/index.php?rest_route=%2Fwp%2Fv2%2Fcategories&post=247"},{"taxonomy":"post_tag","embeddable":true,"href":"https:\/\/encuentroinformativo.com.mx\/index.php?rest_route=%2Fwp%2Fv2%2Ftags&post=247"}],"curies":[{"name":"wp","href":"https:\/\/api.w.org\/{rel}","templated":true}]}}