{"id":24701,"date":"2022-03-15T09:20:16","date_gmt":"2022-03-15T15:20:16","guid":{"rendered":"https:\/\/encuentroinformativo.com.mx\/?p=24701"},"modified":"2022-03-15T09:20:20","modified_gmt":"2022-03-15T15:20:20","slug":"tendran-todavia-poder-los-callejas","status":"publish","type":"post","link":"https:\/\/encuentroinformativo.com.mx\/?p=24701","title":{"rendered":"\u00bfTENDR\u00c1N TODAV\u00cdA PODER LOS CALLEJAS?"},"content":{"rendered":"\n<p><strong>ColumnaSinNombre<br>@pablojair<\/strong><\/p>\n\n\n\n<ul class=\"wp-block-list\"><li>Salud y Fiscal\u00eda, lentos en un tema delicado de violencia.<\/li><li>Muy movido el Arzobispo: trae otra escuela.<\/li><li>Orizaba quita uso obligatorio de cubrebocas.<\/li><li>Se reuni\u00f3 Lima Franco con Ahued para obras en Xalapa.<\/li><\/ul>\n\n\n\n<p>Y el que m\u00e1s otatitlanice, mejor otatitlanizador ser\u00e1\u2026<br>\u2014Chopenjawer<\/p>\n\n\n\n<p>El fallecimiento del profesor Juan Nicol\u00e1s Callejas Arroyo, el 21 de septiembre de 2017, se da justo en el peor momento hist\u00f3rico para el otrora poderoso Partido Revolucionario Institucional (PRI).<\/p>\n\n\n\n<p>Callejas Arroyo era uno de los l\u00edderes fuertes dentro de la estructura electoral del PRI. Al estilo de la vieja escuela, el \u201cprofe\u201d pod\u00eda movilizar (\u201cacarrear\u201d, como se le conoce en el argot) a miles de maestros de todas partes del estado y llenar auditorios completos en m\u00edtines pol\u00edticos.<\/p>\n\n\n\n<p>Era adem\u00e1s uno de los actores de mayor experiencia que convivi\u00f3 durante a\u00f1os de priato con varios gobernadores y l\u00edderes pol\u00edticos con los cuales estableci\u00f3 relaciones duraderas que forj\u00f3 ese antiguo sistema.<\/p>\n\n\n\n<p>En diversas ocasiones nos toc\u00f3 acudir a eventos donde el maestro \u2014con un carisma propio de los l\u00edderes de anta\u00f1o\u2014 contaba an\u00e9cdotas o daba discursos cargados de simbolismos\u2026 algo como lo que tambi\u00e9n hace el presidente L\u00f3pez Obrador.<\/p>\n\n\n\n<p>El problema es que si bien el maestro cumpl\u00eda con su parte de aportar votos para el PRI y sostener parte de esa estructura, en los \u00faltimos meses del enorme poder del tricolor el partido pasaba por una fase de degradaci\u00f3n por las malas actuaciones de sus personajes m\u00e1s notables envueltos en esc\u00e1ndalos de corrupci\u00f3n, empezando por el presidente Enrique Pe\u00f1a Nieto y siguiendo con gobernadores que incluso llegaron a pisar la c\u00e1rcel, como el caso de Javier Duarte, Roberto Borge, C\u00e9sar Duarte, entre otros.<\/p>\n\n\n\n<p>As\u00ed que con todo y lo que el PRI pudiera presumir en ese entonces de una fuerza magisterial incontenible de su lado, el tricolor fue perdiendo ese control corporativo que se fue envejeciendo y volviendo arcaico, con l\u00edderes desconectados a los nuevos tiempos y del hartazgo social.<\/p>\n\n\n\n<p>El \u201cprofe\u201d Callejas dec\u00eda que la secci\u00f3n magisterial que encabezaba (la 32, una de las m\u00e1s grandes del pa\u00eds) era tan gigantesca que ten\u00eda diversos grupos pol\u00edticos de todos los colores, en referencia a que hab\u00eda tanto pri\u00edstas como panistas como perredistas, etc., aunque en los hechos el control que ejerc\u00eda ayudaba a ese esquema a\u00f1ejo del PRI dominante que hasta 2016 perdi\u00f3 a Veracruz como una de sus joyas de la corona.<\/p>\n\n\n\n<p>A la debacle pri\u00edsta sigui\u00f3 la muy sentida partida del l\u00edder magisterial, a quien se recuerda como un tipo bonach\u00f3n con el gran don de escuchar y contar historias, entre ellas que estudi\u00f3 en la legendaria Escuela Normal de Perote, que era semillero de simpatizantes de izquierda.<\/p>\n\n\n\n<p>Quien durante a\u00f1os acompa\u00f1\u00f3 a su pap\u00e1 en la dirigencia fue Juan Nicol\u00e1s Callejas Rold\u00e1n (a quien su pap\u00e1 apodaba cari\u00f1osamente \u201cKing\u201d), tratando de emular al \u201cprofe\u201d con su manera de hablar y dar discursos.<\/p>\n\n\n\n<p>No obstante, siempre se supo que el real poder y liderazgo s\u00f3lo lo tuvo el \u201cprofe\u201d y nadie m\u00e1s\u2026 Sus hijos disfrutaron de las mieles del poder, pero la sombra de su padre es tan grande que era previsible que no iban a poder llenar los zapatos, aparte de que hoy tienen diferentes circunstancias a las del sindicalismo que existi\u00f3 en el PRI-gobierno que le toc\u00f3 a su pap\u00e1.<\/p>\n\n\n\n<p>Hasta hace poco, algunos pol\u00edticos del PRI pensaron que al tener de su lado a Callejas Rold\u00e1n y a los alfiles de su pap\u00e1, era algo as\u00ed como miles de votos \u201casegurados\u201d para el devaluado Revolucionario Institucional, basados en ese corporativismo a\u00f1ejo.<\/p>\n\n\n\n<p>El triunfo de Morena y la llegada de la Cuarta Transformeishion cambi\u00f3 todo el panorama: hoy los hijos de Callejas han preferido ya no jugar con el PRI y s\u00ed hacerle el caldo gordo al partido Movimiento Ciudadano, cuyo propietario es el exgobernador Dante Delgado Rannauro, tambi\u00e9n expri\u00edsta.<\/p>\n\n\n\n<p>Al principio, por ejemplo, se dec\u00eda que Juan Nicol\u00e1s Callejas Rold\u00e1n iba a ser diputado plurinominal por el partido naranja en la actual legislatura local, pero finalmente lleg\u00f3 su hermana Ruth.<\/p>\n\n\n\n<p>Dante (al igual que algunos pri\u00edstas que se aferran al viejo sistema) quiz\u00e1s piensa que recibir todo este cascajo ya muy \u201cquemado\u201d es sumar votos y estructura a su proyecto, pero es el mismo cuento de sostener a l\u00edderes desgastados, privilegiando a la clase pol\u00edtica de siempre, la misma que fue rechazada y se desvaneci\u00f3 a favor de la 4T.<\/p>\n\n\n\n<p>\u00bfQue todav\u00eda tienen poder? S\u00ed, pero muy disminuido\u2026 \u00bfTodav\u00eda tienen recursos? S\u00ed, al final de cuentas un sindicato sigue siendo un organismo por donde entra mucho dinero que se maneja de acuerdo a los intereses de la dirigencia\/familia que manda, sin que el gobierno meta las manos\u2026 \u00bfQue en los nuevos tiempos la 4T busca tambi\u00e9n a los sindicatos? Pues al menos no se pelean con los l\u00edderes m\u00e1s fuertes, aunque saben los lopezobradoristas que tienen mucha base social en gremios como los petroleros, maestros, campesinos, ca\u00f1eros, etc.<\/p>\n\n\n\n<p>\u00bfPersistir\u00e1 el legado de los Callejas en Veracruz? Quien sabe, pero en una de esas s\u00ed heredaron toda la astucia pol\u00edtica del padre y retienen todo el legado que les dej\u00f3 para perdurarse en la 32. A ver qu\u00e9 pasa.<\/p>\n\n\n\n<p><strong>NOTA PARA PEGAR EN EL REFRI: <\/strong>Que el robo del ultrasonido de la Secretar\u00eda de Salud va a crecer m\u00e1s, porque llama poderosamente la atenci\u00f3n que en dicha dependencia llevan meses con el caso y no lo resuelven, pese a qu\u00e9 hay un riesgo real de violencia contra la persona que est\u00e1 resguardando dicho aparato bajo amenazas de su ex pareja, quien sustrajo dicho equipo de quir\u00f3fanos m\u00f3viles\u2026 Misma situaci\u00f3n con el caso de la Fiscal\u00eda General del Estado, que tiene paralizada la investigaci\u00f3n y est\u00e1 perdida\/escondida\/en el limbo la carpeta porque se cambi\u00f3 al fiscal investigador\u2026 En medio de esta situaci\u00f3n est\u00e1 un caso terrible de violencia y acoso hacia una mujer que valientemente ha decidido comenzar a dar la cara al ver que sencillamente las autoridades andan dormidas en sus laureles.<\/p>\n\n\n\n<p><strong>OTRA NOTA: <\/strong>Un maestro que vivi\u00f3 en Francia nos contaba que el catolicismo ha sido desplazado en los \u00faltimos a\u00f1os como la religi\u00f3n dominante en ese pa\u00eds, a donde se ha llegado a instalar el islamismo. Que iglesias han llegado a cerrar para convertirse en museos, galer\u00edas, restaurantes o tabernas porque sencillamente ya no acuden feligreses a misa\u2026 Lo anterior viene a colaci\u00f3n porque si bien la Iglesia Cat\u00f3lica ha perdido mucha presencia en M\u00e9xico, sigue siendo muy influyente en la vida pol\u00edtica nacional y a esto habr\u00eda que sumarse el notable trabajo de Jorge Carlos Patr\u00f3n Wong, arzobispo de Xalapa, quien ha estado bastante activo visitando asilos, escuelas, seminarios y hasta el mercado San Jos\u00e9, lo que ha sido muy bien visto por los feligreses, pues se siente al jerarca religioso m\u00e1s cercano con su grey. Definitivamente, trae otra escuela: m\u00e1s de barrio, menos de escritorio.<\/p>\n\n\n\n<p><strong>OTRA NOTA EXTRA: <\/strong>El Ayuntamiento de Orizaba, presidido por Juan Manuel Diez Francos, anunci\u00f3 este lunes que dejar\u00e1 de ser obligatorio el cubrebocas en la ciudad, reiter\u00e1ndose que a pesar de esta medida, no se debe bajar la guardia y seguir aplicando las medidas sanitarias contra la propagaci\u00f3n del virus COVID-19. Debe destacarse que este municipio \u2014que ha ido convirti\u00e9ndose en el ejemplo a seguir en Veracruz\u2014 hasta el 15 de febrero hab\u00eda impuesto el uso obligatorio con una multa de 800 pesos a quien se negara a usarlo.<\/p>\n\n\n\n<p><strong>LA \u00daLTIMA PORQUE A VER SI YA SE PUEDE DORMIR: <\/strong>El secretario de Finanzas, Jos\u00e9 Luis Lima Franco, se reuni\u00f3 este lunes con el presidente municipal de Xalapa, Ricardo Ahued Bardahuil, quien previamente se hab\u00eda reunido con el gobernador Cuitl\u00e1huac Garc\u00eda Jim\u00e9nez para ver temas de obras para Xalapa, planes que el mandatario estatal calific\u00f3 de manera positiva en su conferencia de prensa\u2026 El titular de SEFIPLAN, por su parte, destac\u00f3 la firma del convenio de coordinaci\u00f3n para la implementaci\u00f3n del Programa de Mejoramiento Vial entre el H. Ayuntamiento de Xalapa, presidido por Ahued y el Gobierno del Estado de Veracruz\u2026 \u201cEl objetivo es el mejoramiento de la infraestructura urbana en la capital del estado; de esta manera contaremos con mayor seguridad vial y un mejor flujo vehicular\u201d, subray\u00f3 en redes sociales el joven encargado de la lana en la entidad\u2026 Bien, justo y necesario para una ciudad urgida de solucionar un tema pendiente desde hace mucho rato.<\/p>\n","protected":false},"excerpt":{"rendered":"<p>ColumnaSinNombre@pablojair Salud y Fiscal\u00eda, lentos en un tema delicado de violencia. Muy movido el Arzobispo: trae otra escuela. Orizaba quita uso obligatorio de cubrebocas. Se reuni\u00f3 Lima Franco con Ahued para obras en Xalapa. Y el que m\u00e1s otatitlanice, mejor otatitlanizador ser\u00e1\u2026\u2014Chopenjawer El fallecimiento del profesor Juan Nicol\u00e1s Callejas Arroyo, el 21 de septiembre de [&hellip;]<\/p>\n","protected":false},"author":1,"featured_media":488,"comment_status":"open","ping_status":"open","sticky":false,"template":"","format":"standard","meta":{"_jetpack_memberships_contains_paid_content":false,"footnotes":""},"categories":[11],"tags":[],"class_list":["post-24701","post","type-post","status-publish","format-standard","has-post-thumbnail","hentry","category-opinion"],"jetpack_featured_media_url":"https:\/\/encuentroinformativo.com.mx\/wp-content\/uploads\/2020\/03\/F471F608-BA1A-416B-BA7B-BCFB24F4E6D0.jpeg","jetpack_sharing_enabled":true,"jetpack_likes_enabled":true,"amp_enabled":true,"_links":{"self":[{"href":"https:\/\/encuentroinformativo.com.mx\/index.php?rest_route=\/wp\/v2\/posts\/24701","targetHints":{"allow":["GET"]}}],"collection":[{"href":"https:\/\/encuentroinformativo.com.mx\/index.php?rest_route=\/wp\/v2\/posts"}],"about":[{"href":"https:\/\/encuentroinformativo.com.mx\/index.php?rest_route=\/wp\/v2\/types\/post"}],"author":[{"embeddable":true,"href":"https:\/\/encuentroinformativo.com.mx\/index.php?rest_route=\/wp\/v2\/users\/1"}],"replies":[{"embeddable":true,"href":"https:\/\/encuentroinformativo.com.mx\/index.php?rest_route=%2Fwp%2Fv2%2Fcomments&post=24701"}],"version-history":[{"count":1,"href":"https:\/\/encuentroinformativo.com.mx\/index.php?rest_route=\/wp\/v2\/posts\/24701\/revisions"}],"predecessor-version":[{"id":24702,"href":"https:\/\/encuentroinformativo.com.mx\/index.php?rest_route=\/wp\/v2\/posts\/24701\/revisions\/24702"}],"wp:featuredmedia":[{"embeddable":true,"href":"https:\/\/encuentroinformativo.com.mx\/index.php?rest_route=\/wp\/v2\/media\/488"}],"wp:attachment":[{"href":"https:\/\/encuentroinformativo.com.mx\/index.php?rest_route=%2Fwp%2Fv2%2Fmedia&parent=24701"}],"wp:term":[{"taxonomy":"category","embeddable":true,"href":"https:\/\/encuentroinformativo.com.mx\/index.php?rest_route=%2Fwp%2Fv2%2Fcategories&post=24701"},{"taxonomy":"post_tag","embeddable":true,"href":"https:\/\/encuentroinformativo.com.mx\/index.php?rest_route=%2Fwp%2Fv2%2Ftags&post=24701"}],"curies":[{"name":"wp","href":"https:\/\/api.w.org\/{rel}","templated":true}]}}