{"id":24703,"date":"2022-03-15T09:27:07","date_gmt":"2022-03-15T15:27:07","guid":{"rendered":"https:\/\/encuentroinformativo.com.mx\/?p=24703"},"modified":"2022-03-15T09:27:10","modified_gmt":"2022-03-15T15:27:10","slug":"suerte-don-ricardo","status":"publish","type":"post","link":"https:\/\/encuentroinformativo.com.mx\/?p=24703","title":{"rendered":"\u00a1Suerte don Ricardo!"},"content":{"rendered":"\n<p><strong>Los Pol\u00edticos<\/strong><\/p>\n\n\n\n<p><strong>Salvador Mu\u00f1oz<\/strong><\/p>\n\n\n\n<p>La imagen donde aparece Cuitl\u00e1huac Garc\u00eda con el alcalde de Xalapa, Ricardo Ahued Bardahuil invita a la incredulidad m\u00e1s cuando el edil expone su proyecto de obras municipales 2022.<\/p>\n\n\n\n<p>Por supuesto, la incredulidad no la genera Ricardo Ahued, un pol\u00edtico fuera de serie, que es seguro que ganas por hacer no le faltan\u2026 la reserva es para el mandatario estatal. La raz\u00f3n es simple:<\/p>\n\n\n\n<p>Acompa\u00f1ando tres a\u00f1os de la administraci\u00f3n del profesor de triste memoria, Hip\u00f3lito Rodr\u00edguez Herrero, pregunten a los xalape\u00f1os qu\u00e9 obra trascendente hubo en coordinaci\u00f3n estricta de Gobierno del Estado con Ayuntamiento xalape\u00f1o\u2026 \u00a1exacto! \u00a1Ninguna!<\/p>\n\n\n\n<p>Seamos exagerados\u2026 trate de recordar en qu\u00e9 nos benefici\u00f3 tener en la C\u00e1mara de Diputados federal, al legislador Cuitl\u00e1huac Garc\u00eda Jim\u00e9nez\u2026 \u00a1exacto! \u00a1en nada!<\/p>\n\n\n\n<p>Ahora, con dos a\u00f1os y medio de que termine la administraci\u00f3n de Cuitl\u00e1huac, \u00bfpor qu\u00e9 creer que un pol\u00edtico (y es mucho llamarlo as\u00ed) como el Gobernador ha de apoyar a Ricardo Ahued en las m\u00e1s de 90 obras municipales proyectadas por toda la ciudad y en todas las zonas geogr\u00e1ficas del municipio en la primera etapa del proyecto de obras municipales 2022?<\/p>\n\n\n\n<p>Eso, sabiendo del desd\u00e9n que Cuitl\u00e1huac Garc\u00eda ha demostrado como diputado federal as\u00ed como Gobernador hasta estos momentos\u2026<\/p>\n\n\n\n<p>En t\u00e9rminos pol\u00edticos, la incredulidad se acent\u00faa porque Cuitl\u00e1huac ha dado muestras de que si va a levantar la imagen de alguien, con obras, con recursos, con su voz y con sus (m\u00ednimas) acciones, ser\u00e1 la de Roc\u00edo Nahle\u2026 no Ahued, no Guti\u00e9rrez Luna, no nadie m\u00e1s\u2026<\/p>\n\n\n\n<p>Luego entonces, el xalape\u00f1o ha de morir enga\u00f1ado creyendo que Cuitl\u00e1huac Garc\u00eda ha de apoyar el trabajo del alcalde Ahued\u2026 bueno, no seamos tan severos\u2026 quiz\u00e1s s\u00ed lo ayude, ah\u00ed con los baches, con una callecita, ya exagerando hasta con la chapeada en un sabadaba de sol en los camellones de Xalapa, pero sinceramente dudo que lo haga en una obra de relevancia e importancia para el total de la Capital veracruzana, porque es claro que no le va a levantar la mano\u2026<\/p>\n\n\n\n<p>Ahora, pensando mal, dejemos a un lado que Cuitl\u00e1huac apoye econ\u00f3micamente al alcalde cuando ya se tiene la mira fija en el 2024, lo que, de acuerdo a lo que nos han expuesto los morenos en el Poder, es que si hay que invertirle, es en las elecciones\u2026 o pensando lo peor, en la salida del presidente L\u00f3pez Obrador y en una de \u00e9sas, la petici\u00f3n sea seguir haciendo la \u201cvaquita\u201d para su retiro \u00bfC\u00f3mo? con el subejercicio de presupuesto no ejercido que va a las arcas directas del Presidente para que le d\u00e9 el uso que \u00e9l guste\u2026<\/p>\n\n\n\n<p>En pocas palabras, la foto de la incredulidad que genera esa reuni\u00f3n entre Cuitl\u00e1huac y Ahued s\u00f3lo tuvo un actor y fue el presidente municipal de Xalapa, que es seguro que por mera cortes\u00eda, haya ido a presentarle el plan de trabajo que tiene para la capital veracruzana, olvidada por los legisladores federales y locales de Xalapa, su ex alcalde y tambi\u00e9n su gobernador que poco importa que sea xalape\u00f1o\u2026 suerte don Ricardo!<\/p>\n\n\n\n<p><a href=\"mailto:smcainito@gmail.com\" target=\"_blank\" rel=\"noreferrer noopener\">smcainito@gmail.com<\/a>&nbsp;<\/p>\n","protected":false},"excerpt":{"rendered":"<p>Los Pol\u00edticos Salvador Mu\u00f1oz La imagen donde aparece Cuitl\u00e1huac Garc\u00eda con el alcalde de Xalapa, Ricardo Ahued Bardahuil invita a la incredulidad m\u00e1s cuando el edil expone su proyecto de obras municipales 2022. Por supuesto, la incredulidad no la genera Ricardo Ahued, un pol\u00edtico fuera de serie, que es seguro que ganas por hacer no [&hellip;]<\/p>\n","protected":false},"author":1,"featured_media":387,"comment_status":"open","ping_status":"open","sticky":false,"template":"","format":"standard","meta":{"_jetpack_memberships_contains_paid_content":false,"footnotes":""},"categories":[11],"tags":[],"class_list":["post-24703","post","type-post","status-publish","format-standard","has-post-thumbnail","hentry","category-opinion"],"jetpack_featured_media_url":"https:\/\/encuentroinformativo.com.mx\/wp-content\/uploads\/2020\/03\/7CF8A22B-2764-47BE-8F7F-38FE9E5D6A2F.jpeg","jetpack_sharing_enabled":true,"jetpack_likes_enabled":true,"amp_enabled":true,"_links":{"self":[{"href":"https:\/\/encuentroinformativo.com.mx\/index.php?rest_route=\/wp\/v2\/posts\/24703","targetHints":{"allow":["GET"]}}],"collection":[{"href":"https:\/\/encuentroinformativo.com.mx\/index.php?rest_route=\/wp\/v2\/posts"}],"about":[{"href":"https:\/\/encuentroinformativo.com.mx\/index.php?rest_route=\/wp\/v2\/types\/post"}],"author":[{"embeddable":true,"href":"https:\/\/encuentroinformativo.com.mx\/index.php?rest_route=\/wp\/v2\/users\/1"}],"replies":[{"embeddable":true,"href":"https:\/\/encuentroinformativo.com.mx\/index.php?rest_route=%2Fwp%2Fv2%2Fcomments&post=24703"}],"version-history":[{"count":1,"href":"https:\/\/encuentroinformativo.com.mx\/index.php?rest_route=\/wp\/v2\/posts\/24703\/revisions"}],"predecessor-version":[{"id":24704,"href":"https:\/\/encuentroinformativo.com.mx\/index.php?rest_route=\/wp\/v2\/posts\/24703\/revisions\/24704"}],"wp:featuredmedia":[{"embeddable":true,"href":"https:\/\/encuentroinformativo.com.mx\/index.php?rest_route=\/wp\/v2\/media\/387"}],"wp:attachment":[{"href":"https:\/\/encuentroinformativo.com.mx\/index.php?rest_route=%2Fwp%2Fv2%2Fmedia&parent=24703"}],"wp:term":[{"taxonomy":"category","embeddable":true,"href":"https:\/\/encuentroinformativo.com.mx\/index.php?rest_route=%2Fwp%2Fv2%2Fcategories&post=24703"},{"taxonomy":"post_tag","embeddable":true,"href":"https:\/\/encuentroinformativo.com.mx\/index.php?rest_route=%2Fwp%2Fv2%2Ftags&post=24703"}],"curies":[{"name":"wp","href":"https:\/\/api.w.org\/{rel}","templated":true}]}}