{"id":24705,"date":"2022-03-15T11:48:22","date_gmt":"2022-03-15T17:48:22","guid":{"rendered":"https:\/\/encuentroinformativo.com.mx\/?p=24705"},"modified":"2022-03-15T12:42:05","modified_gmt":"2022-03-15T18:42:05","slug":"acusa-sindico-presuntas-anomalias-en-ayuntamiento-de-alvarado","status":"publish","type":"post","link":"https:\/\/encuentroinformativo.com.mx\/?p=24705","title":{"rendered":"Acusa s\u00edndico presuntas anomal\u00edas en Ayuntamiento de Alvarado"},"content":{"rendered":"\n<p><strong>Dar\u00edo Pale <\/strong><\/p>\n\n\n\n<p>Xalapa, Ver.- La alcaldesa, Lizette \u00c1lvarez Vera, junto con los regidores han usurpado sus funciones, adem\u00e1s de que impiden que realice su trabajo conforme a Derecho, as\u00ed lo denunci\u00f3 el sindico del ayuntamiento de Alvarado, Jaime Abel Tiburcio Herrera.<\/p>\n\n\n\n<p>En conferencia de prensa se\u00f1al\u00f3 que, lo han atacado de manera medi\u00e1tica con &#8220;montajes&#8221; tanto de \u00e9l como de su familia, haciendo creer a la sociedad que es responsable de diversas situaciones.<\/p>\n\n\n\n<p>&#8220;De forma desmesurada me ped\u00edan firmar diversos documentos donde se aprobaran cuestiones en las que yo estaba en desacuerdo por estar fuera de los procesos de ley&#8230;en diversas ocasiones en las sesiones de Cabildo los ediles y la alcaldesa me han pedido que firme documentos que autorizan cuestiones que requieren procesos especiales y un an\u00e1lisis minucioso para que no acarre responsabilidades, deudas y problemas a los alvarade\u00f1os&#8221;, se\u00f1al\u00f3.<\/p>\n\n\n\n<p>&#8220;Al negarme, han preferido ocultarme la documentaci\u00f3n y llevar a cabo las contrataciones y compras enter\u00e1ndome hasta tiempo despu\u00e9s de hechas las operaciones&#8221;, agreg\u00f3.<\/p>\n\n\n\n<p>Por esta y otras situaciones present\u00f3 dos juicios para la protecci\u00f3n de sus derechos pol\u00edtico-electorales ante el Tribunal Electoral de Veracruz (TEV), con el objeto de demandar que pueda ejercer plenamente las funciones de su encargo.<\/p>\n\n\n\n<p>Expuso que desde el inicio de la administraci\u00f3n, durante el proceso de entrega-recepci\u00f3n not\u00f3 cierta resistencia de la Alcaldesa por dar a conocer algunas anomal\u00edas y por aplicar la ley.<\/p>\n\n\n\n<p>Adem\u00e1s de que le insist\u00edan en que firmara documentos para aprobar cuestiones con las que no estaba de acuerdo por estar fuera de los procesos de ley.<\/p>\n\n\n\n<p>Inform\u00f3 que han llevado a cabo contrataciones y compras de las que se entera despu\u00e9s de que ya se hacen las operaciones con la venia del tesorero y el contralor, lo que ha causado malestar en la administraci\u00f3n.<br>Indic\u00f3 que tambi\u00e9n llevan a cabo reuniones informativas que se convierten en sesiones de Cabildo para tomar decisiones &#8220;indebidas&#8221; sin que se hagan como lo contempla la ley.<\/p>\n\n\n\n<p>Revel\u00f3 que celebran sesiones de Cabildo sin notificarlo para simular que falt\u00f3, por lo que lo han amenazado de removerlo por no asistir a las mismas.<\/p>\n\n\n\n<p>&#8220;De manera reiterada realizan reuniones informativas que de un momento a otro se convierten en sesiones de Cabildo para tomar decisiones indebidas sin que se realicen como la ley lo contempla&#8221; coment\u00f3.<\/p>\n\n\n\n<p>&#8220;Han buscado la forma legaloide de hacer sesiones de Cabildo sin notificarme con la anticipaci\u00f3n debida para simular mis faltas, siendo amenazado con removerme por esta causa&#8221;, acus\u00f3.<\/p>\n\n\n\n<p>Finalmente sostuvo que le preocupa lo que le suceda a la sociedad, porque al final las repercusiones se notar\u00e1n conforme avance la administraci\u00f3n, adem\u00e1s ha sido objeto de amenazas y ataques, por lo que advirti\u00f3 riesgo en la seguridad de su familia.<\/p>\n","protected":false},"excerpt":{"rendered":"<p>Dar\u00edo Pale Xalapa, Ver.- La alcaldesa, Lizette \u00c1lvarez Vera, junto con los regidores han usurpado sus funciones, adem\u00e1s de que impiden que realice su trabajo conforme a Derecho, as\u00ed lo denunci\u00f3 el sindico del ayuntamiento de Alvarado, Jaime Abel Tiburcio Herrera. En conferencia de prensa se\u00f1al\u00f3 que, lo han atacado de manera medi\u00e1tica con &#8220;montajes&#8221; [&hellip;]<\/p>\n","protected":false},"author":1,"featured_media":24706,"comment_status":"open","ping_status":"open","sticky":false,"template":"","format":"standard","meta":{"_jetpack_memberships_contains_paid_content":false,"footnotes":""},"categories":[2],"tags":[],"class_list":["post-24705","post","type-post","status-publish","format-standard","has-post-thumbnail","hentry","category-estado"],"jetpack_featured_media_url":"https:\/\/encuentroinformativo.com.mx\/wp-content\/uploads\/2022\/03\/52402D67-3C8D-4534-8E00-ED3213829C9F.jpeg","jetpack_sharing_enabled":true,"jetpack_likes_enabled":true,"amp_enabled":true,"_links":{"self":[{"href":"https:\/\/encuentroinformativo.com.mx\/index.php?rest_route=\/wp\/v2\/posts\/24705","targetHints":{"allow":["GET"]}}],"collection":[{"href":"https:\/\/encuentroinformativo.com.mx\/index.php?rest_route=\/wp\/v2\/posts"}],"about":[{"href":"https:\/\/encuentroinformativo.com.mx\/index.php?rest_route=\/wp\/v2\/types\/post"}],"author":[{"embeddable":true,"href":"https:\/\/encuentroinformativo.com.mx\/index.php?rest_route=\/wp\/v2\/users\/1"}],"replies":[{"embeddable":true,"href":"https:\/\/encuentroinformativo.com.mx\/index.php?rest_route=%2Fwp%2Fv2%2Fcomments&post=24705"}],"version-history":[{"count":2,"href":"https:\/\/encuentroinformativo.com.mx\/index.php?rest_route=\/wp\/v2\/posts\/24705\/revisions"}],"predecessor-version":[{"id":24719,"href":"https:\/\/encuentroinformativo.com.mx\/index.php?rest_route=\/wp\/v2\/posts\/24705\/revisions\/24719"}],"wp:featuredmedia":[{"embeddable":true,"href":"https:\/\/encuentroinformativo.com.mx\/index.php?rest_route=\/wp\/v2\/media\/24706"}],"wp:attachment":[{"href":"https:\/\/encuentroinformativo.com.mx\/index.php?rest_route=%2Fwp%2Fv2%2Fmedia&parent=24705"}],"wp:term":[{"taxonomy":"category","embeddable":true,"href":"https:\/\/encuentroinformativo.com.mx\/index.php?rest_route=%2Fwp%2Fv2%2Fcategories&post=24705"},{"taxonomy":"post_tag","embeddable":true,"href":"https:\/\/encuentroinformativo.com.mx\/index.php?rest_route=%2Fwp%2Fv2%2Ftags&post=24705"}],"curies":[{"name":"wp","href":"https:\/\/api.w.org\/{rel}","templated":true}]}}