{"id":24708,"date":"2022-03-15T11:52:01","date_gmt":"2022-03-15T17:52:01","guid":{"rendered":"https:\/\/encuentroinformativo.com.mx\/?p=24708"},"modified":"2022-03-15T11:52:04","modified_gmt":"2022-03-15T17:52:04","slug":"imparte-pc-municipal-curso-para-formacion-de-unidades-internas-de-proteccion-civil","status":"publish","type":"post","link":"https:\/\/encuentroinformativo.com.mx\/?p=24708","title":{"rendered":"Imparte PC Municipal curso para formaci\u00f3n de Unidades Internas de Protecci\u00f3n Civil"},"content":{"rendered":"\n<p><strong>*El objetivo es contar con planes y programas de emergencia<\/strong>.<\/p>\n\n\n\n<p>Xalapa, Ver.- Para saber c\u00f3mo atender emergencias y prevenir riesgos en el trabajo, funcionarias y funcionarios de las distintas \u00e1reas que conforman el Gobierno Municipal asistieron al curso de formaci\u00f3n de Unidades Internas de Protecci\u00f3n Civil impartido por personal experto del Ayuntamiento.<\/p>\n\n\n\n<p>El director de Protecci\u00f3n Civil Municipal, Luis Sardi\u00f1a Salgado, agradeci\u00f3 la voluntad de las y los participantes para acudir y hacer posible que la prevenci\u00f3n contin\u00fae siendo una prioridad en la Administraci\u00f3n Municipal.<\/p>\n\n\n\n<p>Adem\u00e1s, explic\u00f3 que de acuerdo con las leyes y reglamentos en la materia, es necesario que cada dependencia municipal tenga su propia Unidad Interna de Protecci\u00f3n Civil, por lo que con este curso se cumple este lineamiento que, ante el cambio de administraci\u00f3n, tuvo que ser renovado.<\/p>\n\n\n\n<p>Finalmente, explic\u00f3 que el objetivo principal de esta actividad es que tanto el Palacio Municipal, como otras instalaciones p\u00fablicas cuenten con unidades, planes y programas de emergencia internos y externos para brindar una respuesta eficaz ante cualquier eventualidad.<\/p>\n","protected":false},"excerpt":{"rendered":"<p>*El objetivo es contar con planes y programas de emergencia. Xalapa, Ver.- Para saber c\u00f3mo atender emergencias y prevenir riesgos en el trabajo, funcionarias y funcionarios de las distintas \u00e1reas que conforman el Gobierno Municipal asistieron al curso de formaci\u00f3n de Unidades Internas de Protecci\u00f3n Civil impartido por personal experto del Ayuntamiento. El director de [&hellip;]<\/p>\n","protected":false},"author":1,"featured_media":24709,"comment_status":"open","ping_status":"open","sticky":false,"template":"","format":"standard","meta":{"_jetpack_memberships_contains_paid_content":false,"footnotes":""},"categories":[3],"tags":[],"class_list":["post-24708","post","type-post","status-publish","format-standard","has-post-thumbnail","hentry","category-xalapa"],"jetpack_featured_media_url":"https:\/\/encuentroinformativo.com.mx\/wp-content\/uploads\/2022\/03\/2D527207-F5C5-4792-A334-72F1D6A24C58.jpeg","jetpack_sharing_enabled":true,"jetpack_likes_enabled":true,"amp_enabled":true,"_links":{"self":[{"href":"https:\/\/encuentroinformativo.com.mx\/index.php?rest_route=\/wp\/v2\/posts\/24708","targetHints":{"allow":["GET"]}}],"collection":[{"href":"https:\/\/encuentroinformativo.com.mx\/index.php?rest_route=\/wp\/v2\/posts"}],"about":[{"href":"https:\/\/encuentroinformativo.com.mx\/index.php?rest_route=\/wp\/v2\/types\/post"}],"author":[{"embeddable":true,"href":"https:\/\/encuentroinformativo.com.mx\/index.php?rest_route=\/wp\/v2\/users\/1"}],"replies":[{"embeddable":true,"href":"https:\/\/encuentroinformativo.com.mx\/index.php?rest_route=%2Fwp%2Fv2%2Fcomments&post=24708"}],"version-history":[{"count":1,"href":"https:\/\/encuentroinformativo.com.mx\/index.php?rest_route=\/wp\/v2\/posts\/24708\/revisions"}],"predecessor-version":[{"id":24710,"href":"https:\/\/encuentroinformativo.com.mx\/index.php?rest_route=\/wp\/v2\/posts\/24708\/revisions\/24710"}],"wp:featuredmedia":[{"embeddable":true,"href":"https:\/\/encuentroinformativo.com.mx\/index.php?rest_route=\/wp\/v2\/media\/24709"}],"wp:attachment":[{"href":"https:\/\/encuentroinformativo.com.mx\/index.php?rest_route=%2Fwp%2Fv2%2Fmedia&parent=24708"}],"wp:term":[{"taxonomy":"category","embeddable":true,"href":"https:\/\/encuentroinformativo.com.mx\/index.php?rest_route=%2Fwp%2Fv2%2Fcategories&post=24708"},{"taxonomy":"post_tag","embeddable":true,"href":"https:\/\/encuentroinformativo.com.mx\/index.php?rest_route=%2Fwp%2Fv2%2Ftags&post=24708"}],"curies":[{"name":"wp","href":"https:\/\/api.w.org\/{rel}","templated":true}]}}