{"id":24715,"date":"2022-03-15T12:30:05","date_gmt":"2022-03-15T18:30:05","guid":{"rendered":"https:\/\/encuentroinformativo.com.mx\/?p=24715"},"modified":"2022-03-15T12:30:09","modified_gmt":"2022-03-15T18:30:09","slug":"instalan-modulo-de-vacunacion-en-el-castillo","status":"publish","type":"post","link":"https:\/\/encuentroinformativo.com.mx\/?p=24715","title":{"rendered":"Instalan m\u00f3dulo de vacunaci\u00f3n en El Castillo"},"content":{"rendered":"\n<p><strong>Juan Arcos <\/strong><\/p>\n\n\n\n<p>Xalapa, Ver.- Un total de 13 mil 161 personas recibieron el refuerzo contra Sars-Cov2 (Covid-19) en la ciudad de Xalapa, durante el primer d\u00eda de la aplicaci\u00f3n al sector de m\u00e1s de 18 a\u00f1os de edad.<\/p>\n\n\n\n<p>El lunes 14 de marzo, las ciudadanas y ciudadanos, en su mayor\u00eda j\u00f3venes, acudieron a los m\u00f3dulos de vacunaci\u00f3n instalados en el Complejo Deportivo Omega, Gimnasio Fovissste, Torre Olmo y en la Unidad de Ciencias de la Salud de la Universidad Veracruzana (UV).<\/p>\n\n\n\n<p>Se espera que el n\u00famero de inmunizaciones se incremente durante este martes 15 de marzo, toda vez que fue instalado otro m\u00f3dulo de vacunaci\u00f3n en la congregaci\u00f3n El Castillo.<\/p>\n\n\n\n<p>Los encargados de la vacunaci\u00f3n mencionaron que durante la ma\u00f1ana ha sido baja la afluencia, situaci\u00f3n que se incrementa de manera significativa por las tardes, debido a que la mayor\u00eda de este sector poblacional estudia o trabaja.<\/p>\n\n\n\n<p>Algunos de los j\u00f3venes que acudieron al Complejo Deportivo Omega esta ma\u00f1ana mencionaron que la atenci\u00f3n fue r\u00e1pida, pues demoraron s\u00f3lo cinco o diez minutos en el sitio.<\/p>\n\n\n\n<p>Tambi\u00e9n consideraron que ha mejorado la organizaci\u00f3n en el Plan Nacional de Vacunaci\u00f3n e invitaron a la poblaci\u00f3n a aplicarse dicho refuerzo contra el coronavirus.<\/p>\n\n\n\n<p>\u201cMe tocaba el refuerzo en enero pero no vine porque me dio Covid, decid\u00ed ponerme mi otra dosis porque es muy importante, la segunda vez no estuvo tan fuerte como la primera cuando no estaba vacunada, entonces, por eso creo que es muy importante que nos vacunemos. Hasta ahorita no he tenido ninguna secuela, lo atribuyo a que s\u00ed me vacun\u00e9. Me tard\u00e9 diez minutos, creo que tard\u00e9 m\u00e1s estacion\u00e1ndome que aqu\u00ed\u201d, coment\u00f3 una joven maestra xalape\u00f1a, de 29 a\u00f1os.<\/p>\n\n\n\n<p>Por su parte, C\u00e9sar Mel\u00e9ndez, de 26 a\u00f1os, quien labora en una empresa de bienes ra\u00edces, mencion\u00f3 que le fue aplicada la dosis de AstraZeneca, misma que no le ha causado efectos secundarios.<\/p>\n\n\n\n<p>\u201cEs importante tener los refuerzos, generar un mejor sistema inmunol\u00f3gico, eso nos va a ayudar a que las infecciones cuando nos den sean de menor gravedad\u201d, enfatiz\u00f3.<\/p>\n\n\n\n<p>Cabe mencionar que en el estado de Veracruz han sido aplicadas m\u00e1s de 11 millones de vacunas durante la pandemia, declar\u00f3 recientemente el delegado de Programas Sociales en Veracruz, Manuel Huerta Ladr\u00f3n de Guevara.<\/p>\n\n\n\n<figure class=\"wp-block-image size-large\"><img loading=\"lazy\" decoding=\"async\" width=\"1024\" height=\"576\" src=\"https:\/\/encuentroinformativo.com.mx\/wp-content\/uploads\/2022\/03\/91BDDDA8-9697-4078-8027-8C4EE4E076C0-1024x576.jpeg\" alt=\"\" class=\"wp-image-24717\" srcset=\"https:\/\/encuentroinformativo.com.mx\/wp-content\/uploads\/2022\/03\/91BDDDA8-9697-4078-8027-8C4EE4E076C0-1024x576.jpeg 1024w, https:\/\/encuentroinformativo.com.mx\/wp-content\/uploads\/2022\/03\/91BDDDA8-9697-4078-8027-8C4EE4E076C0-300x169.jpeg 300w, https:\/\/encuentroinformativo.com.mx\/wp-content\/uploads\/2022\/03\/91BDDDA8-9697-4078-8027-8C4EE4E076C0-768x432.jpeg 768w, https:\/\/encuentroinformativo.com.mx\/wp-content\/uploads\/2022\/03\/91BDDDA8-9697-4078-8027-8C4EE4E076C0-1536x864.jpeg 1536w, https:\/\/encuentroinformativo.com.mx\/wp-content\/uploads\/2022\/03\/91BDDDA8-9697-4078-8027-8C4EE4E076C0.jpeg 1760w\" sizes=\"auto, (max-width: 1024px) 100vw, 1024px\" \/><\/figure>\n","protected":false},"excerpt":{"rendered":"<p>Juan Arcos Xalapa, Ver.- Un total de 13 mil 161 personas recibieron el refuerzo contra Sars-Cov2 (Covid-19) en la ciudad de Xalapa, durante el primer d\u00eda de la aplicaci\u00f3n al sector de m\u00e1s de 18 a\u00f1os de edad. El lunes 14 de marzo, las ciudadanas y ciudadanos, en su mayor\u00eda j\u00f3venes, acudieron a los m\u00f3dulos [&hellip;]<\/p>\n","protected":false},"author":1,"featured_media":24716,"comment_status":"open","ping_status":"open","sticky":false,"template":"","format":"standard","meta":{"_jetpack_memberships_contains_paid_content":false,"footnotes":""},"categories":[9],"tags":[],"class_list":["post-24715","post","type-post","status-publish","format-standard","has-post-thumbnail","hentry","category-salud"],"jetpack_featured_media_url":"https:\/\/encuentroinformativo.com.mx\/wp-content\/uploads\/2022\/03\/1FC8725F-C598-45D0-A168-05160CC1D680.jpeg","jetpack_sharing_enabled":true,"jetpack_likes_enabled":true,"amp_enabled":true,"_links":{"self":[{"href":"https:\/\/encuentroinformativo.com.mx\/index.php?rest_route=\/wp\/v2\/posts\/24715","targetHints":{"allow":["GET"]}}],"collection":[{"href":"https:\/\/encuentroinformativo.com.mx\/index.php?rest_route=\/wp\/v2\/posts"}],"about":[{"href":"https:\/\/encuentroinformativo.com.mx\/index.php?rest_route=\/wp\/v2\/types\/post"}],"author":[{"embeddable":true,"href":"https:\/\/encuentroinformativo.com.mx\/index.php?rest_route=\/wp\/v2\/users\/1"}],"replies":[{"embeddable":true,"href":"https:\/\/encuentroinformativo.com.mx\/index.php?rest_route=%2Fwp%2Fv2%2Fcomments&post=24715"}],"version-history":[{"count":1,"href":"https:\/\/encuentroinformativo.com.mx\/index.php?rest_route=\/wp\/v2\/posts\/24715\/revisions"}],"predecessor-version":[{"id":24718,"href":"https:\/\/encuentroinformativo.com.mx\/index.php?rest_route=\/wp\/v2\/posts\/24715\/revisions\/24718"}],"wp:featuredmedia":[{"embeddable":true,"href":"https:\/\/encuentroinformativo.com.mx\/index.php?rest_route=\/wp\/v2\/media\/24716"}],"wp:attachment":[{"href":"https:\/\/encuentroinformativo.com.mx\/index.php?rest_route=%2Fwp%2Fv2%2Fmedia&parent=24715"}],"wp:term":[{"taxonomy":"category","embeddable":true,"href":"https:\/\/encuentroinformativo.com.mx\/index.php?rest_route=%2Fwp%2Fv2%2Fcategories&post=24715"},{"taxonomy":"post_tag","embeddable":true,"href":"https:\/\/encuentroinformativo.com.mx\/index.php?rest_route=%2Fwp%2Fv2%2Ftags&post=24715"}],"curies":[{"name":"wp","href":"https:\/\/api.w.org\/{rel}","templated":true}]}}