{"id":2472,"date":"2020-05-12T11:40:27","date_gmt":"2020-05-12T16:40:27","guid":{"rendered":"https:\/\/encuentroinformativo.com\/?p=2472"},"modified":"2020-05-12T11:40:32","modified_gmt":"2020-05-12T16:40:32","slug":"reconvertiran-centros-teleton-para-atender-covid-19","status":"publish","type":"post","link":"https:\/\/encuentroinformativo.com.mx\/?p=2472","title":{"rendered":"Reconvertir\u00e1n centros Telet\u00f3n para atender Covid-19"},"content":{"rendered":"\n<p>M\u00e9xico (<strong>Fuente: <\/strong>Notimex).- El\u00a0Gobierno de M\u00e9xico y Fundaci\u00f3n Telet\u00f3n firmaron este martes el acuerdo para reconvertir los Centros de Rehabilitaci\u00f3n Infantil Telet\u00f3n (CRIT) en espacios de atenci\u00f3n a pacientes con COVID-19, con el fin de\u00a0apoyar la capacidad hospitalaria y enfrentar\u00a0la\u00a0contingencia sanitaria.<\/p>\n\n\n\n<p>En la conferencia de prensa encabezada por el presidente Andr\u00e9s Manuel L\u00f3pez Obrador, el titular de&nbsp;Telet\u00f3n M\u00e9xico, Fernando Landeros, inform\u00f3 que en dichos centros se atender\u00e1 a personas post-COVID-19, a menores con la enfermedad y gente con otros padecimientos.<\/p>\n\n\n\n<p>Algunos de los CRITs son el de Coahuila, que se convertir\u00e1 a un centro ambulatorio de toma de pruebas COVID-19; el de Chiapas que brindar\u00e1 atenci\u00f3n psicol\u00f3gica Post COVID-19; el de Durango brindar\u00e1 consulta externa para diagn\u00f3stico de coronavirus. En todos los casos, ser\u00e1n los gobiernos estatales las \u00e1reas sanitarias responsables.<\/p>\n","protected":false},"excerpt":{"rendered":"<p>M\u00e9xico (Fuente: Notimex).- El\u00a0Gobierno de M\u00e9xico y Fundaci\u00f3n Telet\u00f3n firmaron este martes el acuerdo para reconvertir los Centros de Rehabilitaci\u00f3n Infantil Telet\u00f3n (CRIT) en espacios de atenci\u00f3n a pacientes con COVID-19, con el fin de\u00a0apoyar la capacidad hospitalaria y enfrentar\u00a0la\u00a0contingencia sanitaria. En la conferencia de prensa encabezada por el presidente Andr\u00e9s Manuel L\u00f3pez Obrador, el [&hellip;]<\/p>\n","protected":false},"author":1,"featured_media":1661,"comment_status":"open","ping_status":"open","sticky":false,"template":"","format":"standard","meta":{"_jetpack_memberships_contains_paid_content":false,"footnotes":""},"categories":[22],"tags":[],"class_list":["post-2472","post","type-post","status-publish","format-standard","has-post-thumbnail","hentry","category-national"],"jetpack_featured_media_url":"https:\/\/encuentroinformativo.com.mx\/wp-content\/uploads\/2020\/04\/2CF200D1-2BD2-4654-B535-63F14A11CBCA.jpeg","jetpack_sharing_enabled":true,"jetpack_likes_enabled":true,"amp_enabled":true,"_links":{"self":[{"href":"https:\/\/encuentroinformativo.com.mx\/index.php?rest_route=\/wp\/v2\/posts\/2472","targetHints":{"allow":["GET"]}}],"collection":[{"href":"https:\/\/encuentroinformativo.com.mx\/index.php?rest_route=\/wp\/v2\/posts"}],"about":[{"href":"https:\/\/encuentroinformativo.com.mx\/index.php?rest_route=\/wp\/v2\/types\/post"}],"author":[{"embeddable":true,"href":"https:\/\/encuentroinformativo.com.mx\/index.php?rest_route=\/wp\/v2\/users\/1"}],"replies":[{"embeddable":true,"href":"https:\/\/encuentroinformativo.com.mx\/index.php?rest_route=%2Fwp%2Fv2%2Fcomments&post=2472"}],"version-history":[{"count":1,"href":"https:\/\/encuentroinformativo.com.mx\/index.php?rest_route=\/wp\/v2\/posts\/2472\/revisions"}],"predecessor-version":[{"id":2473,"href":"https:\/\/encuentroinformativo.com.mx\/index.php?rest_route=\/wp\/v2\/posts\/2472\/revisions\/2473"}],"wp:featuredmedia":[{"embeddable":true,"href":"https:\/\/encuentroinformativo.com.mx\/index.php?rest_route=\/wp\/v2\/media\/1661"}],"wp:attachment":[{"href":"https:\/\/encuentroinformativo.com.mx\/index.php?rest_route=%2Fwp%2Fv2%2Fmedia&parent=2472"}],"wp:term":[{"taxonomy":"category","embeddable":true,"href":"https:\/\/encuentroinformativo.com.mx\/index.php?rest_route=%2Fwp%2Fv2%2Fcategories&post=2472"},{"taxonomy":"post_tag","embeddable":true,"href":"https:\/\/encuentroinformativo.com.mx\/index.php?rest_route=%2Fwp%2Fv2%2Ftags&post=2472"}],"curies":[{"name":"wp","href":"https:\/\/api.w.org\/{rel}","templated":true}]}}