{"id":24721,"date":"2022-03-15T13:04:16","date_gmt":"2022-03-15T19:04:16","guid":{"rendered":"https:\/\/encuentroinformativo.com.mx\/?p=24721"},"modified":"2022-03-15T13:04:19","modified_gmt":"2022-03-15T19:04:19","slug":"se-enrarecen-elecciones-extraordinarias-pt","status":"publish","type":"post","link":"https:\/\/encuentroinformativo.com.mx\/?p=24721","title":{"rendered":"Se enrarecen elecciones extraordinarias: PT"},"content":{"rendered":"\n<p><strong>Juan Arcos<\/strong><\/p>\n\n\n\n<p>Xalapa, Ver.- El coordinador estatal del Partido del Trabajo (PT), Vicente Aguilar Aguilar, denunci\u00f3 que se ha enrarecido el proceso electoral en algunos municipios de Veracruz donde habr\u00e1 elecci\u00f3n extraordinaria el pr\u00f3ximo 27 de marzo.<\/p>\n\n\n\n<p>En rueda de prensa, celebrada en la sede estatal del PT, lament\u00f3 la violencia contra brigadistas del Movimiento de Regeneraci\u00f3n Nacional (Morena) en el municipio de Chiconamel, el pasado domingo.<\/p>\n\n\n\n<p>\u201cHubo violencia contra algunos compa\u00f1eros de Morena, la solicitud es que Seguridad P\u00fablica, es un municipio donde no hay bronca si pones dos patrullas en la entrada y una girando. Es un municipio que no tiene muchos accesos\u201d, enfatiz\u00f3.<\/p>\n\n\n\n<p>Las votaciones se llevar\u00e1n a cabo en un par de semanas, tambi\u00e9n en los municipios de Jes\u00fas Carranza, Amatitl\u00e1n y Tlacotepec de Mej\u00eda.<\/p>\n\n\n\n<p>El l\u00edder petista en Veracruz rechaz\u00f3 que este organismo pol\u00edtico solicite seguridad especial para sus candidatos en dichos lugares.\u00a0<br>Sin embargo, reconoci\u00f3 que podr\u00edan registrarse hechos violentos en el municipio de Jes\u00fas Carranza, al sur de la entidad.<\/p>\n\n\n\n<p>\u201cNos informan que se siente un poco el jaloneo en Jes\u00fas Carranza. Sientes cierta presi\u00f3n. Son cuatro municipios, esperamos una elecci\u00f3n tranquila y democr\u00e1tica\u201d, enfatiz\u00f3.\u00a0<\/p>\n","protected":false},"excerpt":{"rendered":"<p>Juan Arcos Xalapa, Ver.- El coordinador estatal del Partido del Trabajo (PT), Vicente Aguilar Aguilar, denunci\u00f3 que se ha enrarecido el proceso electoral en algunos municipios de Veracruz donde habr\u00e1 elecci\u00f3n extraordinaria el pr\u00f3ximo 27 de marzo. En rueda de prensa, celebrada en la sede estatal del PT, lament\u00f3 la violencia contra brigadistas del Movimiento [&hellip;]<\/p>\n","protected":false},"author":1,"featured_media":24722,"comment_status":"open","ping_status":"open","sticky":false,"template":"","format":"standard","meta":{"_jetpack_memberships_contains_paid_content":false,"footnotes":""},"categories":[2],"tags":[],"class_list":["post-24721","post","type-post","status-publish","format-standard","has-post-thumbnail","hentry","category-estado"],"jetpack_featured_media_url":"https:\/\/encuentroinformativo.com.mx\/wp-content\/uploads\/2022\/03\/5FD5AB13-7CF3-4AFF-84B9-9D413F8F3CE3.jpeg","jetpack_sharing_enabled":true,"jetpack_likes_enabled":true,"amp_enabled":true,"_links":{"self":[{"href":"https:\/\/encuentroinformativo.com.mx\/index.php?rest_route=\/wp\/v2\/posts\/24721","targetHints":{"allow":["GET"]}}],"collection":[{"href":"https:\/\/encuentroinformativo.com.mx\/index.php?rest_route=\/wp\/v2\/posts"}],"about":[{"href":"https:\/\/encuentroinformativo.com.mx\/index.php?rest_route=\/wp\/v2\/types\/post"}],"author":[{"embeddable":true,"href":"https:\/\/encuentroinformativo.com.mx\/index.php?rest_route=\/wp\/v2\/users\/1"}],"replies":[{"embeddable":true,"href":"https:\/\/encuentroinformativo.com.mx\/index.php?rest_route=%2Fwp%2Fv2%2Fcomments&post=24721"}],"version-history":[{"count":1,"href":"https:\/\/encuentroinformativo.com.mx\/index.php?rest_route=\/wp\/v2\/posts\/24721\/revisions"}],"predecessor-version":[{"id":24723,"href":"https:\/\/encuentroinformativo.com.mx\/index.php?rest_route=\/wp\/v2\/posts\/24721\/revisions\/24723"}],"wp:featuredmedia":[{"embeddable":true,"href":"https:\/\/encuentroinformativo.com.mx\/index.php?rest_route=\/wp\/v2\/media\/24722"}],"wp:attachment":[{"href":"https:\/\/encuentroinformativo.com.mx\/index.php?rest_route=%2Fwp%2Fv2%2Fmedia&parent=24721"}],"wp:term":[{"taxonomy":"category","embeddable":true,"href":"https:\/\/encuentroinformativo.com.mx\/index.php?rest_route=%2Fwp%2Fv2%2Fcategories&post=24721"},{"taxonomy":"post_tag","embeddable":true,"href":"https:\/\/encuentroinformativo.com.mx\/index.php?rest_route=%2Fwp%2Fv2%2Ftags&post=24721"}],"curies":[{"name":"wp","href":"https:\/\/api.w.org\/{rel}","templated":true}]}}