{"id":24727,"date":"2022-03-15T10:48:46","date_gmt":"2022-03-15T16:48:46","guid":{"rendered":"https:\/\/encuentroinformativo.com.mx\/?p=24727"},"modified":"2022-03-15T13:50:44","modified_gmt":"2022-03-15T19:50:44","slug":"ine-ordena-retirar-278-espectaculares-de-revocacion-de-mandato-en-veracruz","status":"publish","type":"post","link":"https:\/\/encuentroinformativo.com.mx\/?p=24727","title":{"rendered":"INE ordena retirar 278 espectaculares de revocaci\u00f3n de mandato en Veracruz"},"content":{"rendered":"\n<p><strong>Alejandro \u00c1vila<\/strong><\/p>\n\n\n\n<p>Veracruz, Ver.- El Instituto Nacional Electoral (INE) dio la orden de retirar al menos 278 espectaculares que promov\u00edan la imagen del presidente Andr\u00e9s Manuel L\u00f3pez Obrador, pues asegur\u00f3 se violentaba la veda electoral.<\/p>\n\n\n\n<p>Este resolutivo lo dio tras los se\u00f1alamientos del diputado federal, Carlos Alberto Valenzuela Gonz\u00e1lez, qui\u00e9n denunci\u00f3 de manera formal el pasado mi\u00e9rcoles est\u00e1 irregularidad, mostrando pruebas de la promoci\u00f3n al voto en favor del presidente de la rep\u00fablica.<\/p>\n\n\n\n<p>El INE aclar\u00f3 que, los 278 anuncios espectaculares, 21 propagandas pegables en unidades de transporte urbano, 36 pintas de barda y 11 lonas, colocadas en 61 municipios, no cumplen con el requisito de estar libres de financiamiento p\u00fablico o intervenci\u00f3n partidista o gubernamental.<\/p>\n\n\n\n<p>\u201cLa propaganda no puede considerarse como ciudadana, sino que es resultado de una posible simulaci\u00f3n en forma de estrategia a nivel nacional ajena al derecho de la ciudadan\u00eda para participar en este ejercicio, esto es, una campa\u00f1a orquestada\u201d, remat\u00f3 el diputado federal Carlos Valenzuela.<\/p>\n","protected":false},"excerpt":{"rendered":"<p>Alejandro \u00c1vila Veracruz, Ver.- El Instituto Nacional Electoral (INE) dio la orden de retirar al menos 278 espectaculares que promov\u00edan la imagen del presidente Andr\u00e9s Manuel L\u00f3pez Obrador, pues asegur\u00f3 se violentaba la veda electoral. Este resolutivo lo dio tras los se\u00f1alamientos del diputado federal, Carlos Alberto Valenzuela Gonz\u00e1lez, qui\u00e9n denunci\u00f3 de manera formal el [&hellip;]<\/p>\n","protected":false},"author":1,"featured_media":24728,"comment_status":"open","ping_status":"open","sticky":false,"template":"","format":"standard","meta":{"_jetpack_memberships_contains_paid_content":false,"footnotes":""},"categories":[2],"tags":[],"class_list":["post-24727","post","type-post","status-publish","format-standard","has-post-thumbnail","hentry","category-estado"],"jetpack_featured_media_url":"https:\/\/encuentroinformativo.com.mx\/wp-content\/uploads\/2022\/03\/166B3143-640B-4364-B90A-CAD2A7817134.jpeg","jetpack_sharing_enabled":true,"jetpack_likes_enabled":true,"amp_enabled":true,"_links":{"self":[{"href":"https:\/\/encuentroinformativo.com.mx\/index.php?rest_route=\/wp\/v2\/posts\/24727","targetHints":{"allow":["GET"]}}],"collection":[{"href":"https:\/\/encuentroinformativo.com.mx\/index.php?rest_route=\/wp\/v2\/posts"}],"about":[{"href":"https:\/\/encuentroinformativo.com.mx\/index.php?rest_route=\/wp\/v2\/types\/post"}],"author":[{"embeddable":true,"href":"https:\/\/encuentroinformativo.com.mx\/index.php?rest_route=\/wp\/v2\/users\/1"}],"replies":[{"embeddable":true,"href":"https:\/\/encuentroinformativo.com.mx\/index.php?rest_route=%2Fwp%2Fv2%2Fcomments&post=24727"}],"version-history":[{"count":1,"href":"https:\/\/encuentroinformativo.com.mx\/index.php?rest_route=\/wp\/v2\/posts\/24727\/revisions"}],"predecessor-version":[{"id":24729,"href":"https:\/\/encuentroinformativo.com.mx\/index.php?rest_route=\/wp\/v2\/posts\/24727\/revisions\/24729"}],"wp:featuredmedia":[{"embeddable":true,"href":"https:\/\/encuentroinformativo.com.mx\/index.php?rest_route=\/wp\/v2\/media\/24728"}],"wp:attachment":[{"href":"https:\/\/encuentroinformativo.com.mx\/index.php?rest_route=%2Fwp%2Fv2%2Fmedia&parent=24727"}],"wp:term":[{"taxonomy":"category","embeddable":true,"href":"https:\/\/encuentroinformativo.com.mx\/index.php?rest_route=%2Fwp%2Fv2%2Fcategories&post=24727"},{"taxonomy":"post_tag","embeddable":true,"href":"https:\/\/encuentroinformativo.com.mx\/index.php?rest_route=%2Fwp%2Fv2%2Ftags&post=24727"}],"curies":[{"name":"wp","href":"https:\/\/api.w.org\/{rel}","templated":true}]}}