{"id":24730,"date":"2022-03-15T15:09:25","date_gmt":"2022-03-15T21:09:25","guid":{"rendered":"https:\/\/encuentroinformativo.com.mx\/?p=24730"},"modified":"2022-03-15T15:09:29","modified_gmt":"2022-03-15T21:09:29","slug":"veracruz-con-alto-numero-de-defunciones-por-cancer","status":"publish","type":"post","link":"https:\/\/encuentroinformativo.com.mx\/?p=24730","title":{"rendered":"Veracruz con alto n\u00famero de defunciones por c\u00e1ncer"},"content":{"rendered":"\n<p><strong>Alejandro \u00c1vila<\/strong><\/p>\n\n\n\n<p>Veracruz, Ver.- La tercer causa de muerte en M\u00e9xico es el c\u00e1ncer, siendo Veracruz uno de los estados con mayor n\u00famero de defunciones por esta enfermedad.<\/p>\n\n\n\n<p>Ante esta situaci\u00f3n la Senadora, Indira Rosales San Rom\u00e1n, promovi\u00f3 acciones en la C\u00e1mara Alta para reducir los n\u00fameros negativos en este rubro.<\/p>\n\n\n\n<p>Es por ello que, la panista present\u00f3 una iniciativa de Ley donde se promueva que los patrones, una vez al a\u00f1o y con goce de sueldo, permitan a sus empleados realizarse estudios preventivos contra el c\u00e1ncer, previo comprobante que as\u00ed lo acredite.<\/p>\n\n\n\n<p>De la misma manera, en d\u00edas pasados ya hab\u00eda presentado un punto de acuerdo para exigir un abasto total de medicamentos contra el c\u00e1ncer, espec\u00edficamente para los ni\u00f1os que sufren de esta enfermedad, y que haya campa\u00f1as permanentes de atenci\u00f3n y prevenci\u00f3n.<\/p>\n\n\n\n<p>La veracruzana manifest\u00f3 que, una forma para contrarrestar esta situaci\u00f3n es la adopci\u00f3n de medidas preventivas que permitan a las personas contar con un diagn\u00f3stico oportuno; que sepan a tiempo que tienen una enfermedad y que debe ser atendida con urgencia.<\/p>\n","protected":false},"excerpt":{"rendered":"<p>Alejandro \u00c1vila Veracruz, Ver.- La tercer causa de muerte en M\u00e9xico es el c\u00e1ncer, siendo Veracruz uno de los estados con mayor n\u00famero de defunciones por esta enfermedad. Ante esta situaci\u00f3n la Senadora, Indira Rosales San Rom\u00e1n, promovi\u00f3 acciones en la C\u00e1mara Alta para reducir los n\u00fameros negativos en este rubro. Es por ello que, [&hellip;]<\/p>\n","protected":false},"author":1,"featured_media":24731,"comment_status":"open","ping_status":"open","sticky":false,"template":"","format":"standard","meta":{"_jetpack_memberships_contains_paid_content":false,"footnotes":""},"categories":[12],"tags":[],"class_list":["post-24730","post","type-post","status-publish","format-standard","has-post-thumbnail","hentry","category-nacional"],"jetpack_featured_media_url":"https:\/\/encuentroinformativo.com.mx\/wp-content\/uploads\/2022\/03\/440C68FD-549F-47A1-BB89-99DDE884BDBA.jpeg","jetpack_sharing_enabled":true,"jetpack_likes_enabled":true,"amp_enabled":true,"_links":{"self":[{"href":"https:\/\/encuentroinformativo.com.mx\/index.php?rest_route=\/wp\/v2\/posts\/24730","targetHints":{"allow":["GET"]}}],"collection":[{"href":"https:\/\/encuentroinformativo.com.mx\/index.php?rest_route=\/wp\/v2\/posts"}],"about":[{"href":"https:\/\/encuentroinformativo.com.mx\/index.php?rest_route=\/wp\/v2\/types\/post"}],"author":[{"embeddable":true,"href":"https:\/\/encuentroinformativo.com.mx\/index.php?rest_route=\/wp\/v2\/users\/1"}],"replies":[{"embeddable":true,"href":"https:\/\/encuentroinformativo.com.mx\/index.php?rest_route=%2Fwp%2Fv2%2Fcomments&post=24730"}],"version-history":[{"count":1,"href":"https:\/\/encuentroinformativo.com.mx\/index.php?rest_route=\/wp\/v2\/posts\/24730\/revisions"}],"predecessor-version":[{"id":24732,"href":"https:\/\/encuentroinformativo.com.mx\/index.php?rest_route=\/wp\/v2\/posts\/24730\/revisions\/24732"}],"wp:featuredmedia":[{"embeddable":true,"href":"https:\/\/encuentroinformativo.com.mx\/index.php?rest_route=\/wp\/v2\/media\/24731"}],"wp:attachment":[{"href":"https:\/\/encuentroinformativo.com.mx\/index.php?rest_route=%2Fwp%2Fv2%2Fmedia&parent=24730"}],"wp:term":[{"taxonomy":"category","embeddable":true,"href":"https:\/\/encuentroinformativo.com.mx\/index.php?rest_route=%2Fwp%2Fv2%2Fcategories&post=24730"},{"taxonomy":"post_tag","embeddable":true,"href":"https:\/\/encuentroinformativo.com.mx\/index.php?rest_route=%2Fwp%2Fv2%2Ftags&post=24730"}],"curies":[{"name":"wp","href":"https:\/\/api.w.org\/{rel}","templated":true}]}}