{"id":24739,"date":"2022-03-15T15:36:42","date_gmt":"2022-03-15T21:36:42","guid":{"rendered":"https:\/\/encuentroinformativo.com.mx\/?p=24739"},"modified":"2022-03-15T15:36:46","modified_gmt":"2022-03-15T21:36:46","slug":"propone-diputada-crear-una-defensoria-publica-para-comunidades-indigenas","status":"publish","type":"post","link":"https:\/\/encuentroinformativo.com.mx\/?p=24739","title":{"rendered":"Propone diputada crear una Defensor\u00eda P\u00fablica para comunidades ind\u00edgenas"},"content":{"rendered":"\n<p><strong>*Ruth Callejas Rold\u00e1n presenta iniciativa que adicionar\u00eda el art\u00edculo 23 Bis a la Ley de Defensor\u00eda P\u00fablica del Estado de Veracruz.<\/strong><\/p>\n\n\n\n<p>Xalapa, Ver.- Con la finalidad de contar con m\u00e1s mediadores y defensores p\u00fablicos biling\u00fces ind\u00edgenas en favor de la justicia para personas de pueblos originarios, la diputada Ruth Callejas Rold\u00e1n present\u00f3 a la Diputaci\u00f3n Permanente una iniciativa que adiciona el art\u00edculo 23 Bis a la Ley de Defensor\u00eda P\u00fablica del Estado de Veracruz de Ignacio de la Llave.<\/p>\n\n\n\n<p>La iniciativa, presentada durante la sexta sesi\u00f3n ordinaria, prev\u00e9 establecer que, a fin de garantizar el derecho a la defensa en materia penal y a la asesor\u00eda jur\u00eddica en favor de las personas de los pueblos y comunidades ind\u00edgenas, a trav\u00e9s del acceso a la jurisdicci\u00f3n en la lengua ind\u00edgena nacional en que sean hablantes, el Instituto Veracruzano de la Defensor\u00eda P\u00fablica contar\u00e1 con una Defensor\u00eda P\u00fablica para el Pueblo y Comunidades Ind\u00edgenas.<\/p>\n\n\n\n<p>Esta Defensor\u00eda deber\u00e1 tener traductores e int\u00e9rpretes con conocimiento de la lengua y cultura de la de aquellos que representen.<\/p>\n\n\n\n<p>El Instituto deber\u00e1 garantizar que la Defensor\u00eda P\u00fablica para el Pueblo y Comunidades Ind\u00edgenas cuente con el personal necesario para el adecuado desempe\u00f1o de sus funciones. Esto es: peritos, int\u00e9rpretes, traductores y profesionales biling\u00fces y asesores jur\u00eddicos biling\u00fces ind\u00edgenas.<\/p>\n\n\n\n<p>Adem\u00e1s, tendr\u00e1 que realizar las gestiones necesarias para celebrar convenios de colaboraci\u00f3n con las instituciones que puedan coadyuvar a la obtenci\u00f3n de estos fines y promover\u00e1 la formaci\u00f3n, tanto de defensores p\u00fablicos, como de asesores jur\u00eddicos biling\u00fces ind\u00edgenas.<\/p>\n\n\n\n<p>Al justificar el contenido de su propuesta, la legisladora subray\u00f3 que en Veracruz hay un solo defensor p\u00fablico por cada 15 mil 798 habitantes ind\u00edgenas. \u201cEsto a pesar que la Constituci\u00f3n General y la Ley disponen que los ind\u00edgenas tienen en todo tiempo el derecho a ser asistidos por int\u00e9rpretes y defensores que tengan conocimiento de su lengua y cultura\u201d, refiri\u00f3.<\/p>\n\n\n\n<p>Destac\u00f3 que, de acuerdo con datos del Censo de Poblaci\u00f3n y Vivienda 2020, Veracruz es uno de los ocho estados del pa\u00eds donde se concentra el mayor n\u00famero de poblaci\u00f3n ind\u00edgena con 663 mil 503 personas, lo que representa el 8.6 por ciento de su poblaci\u00f3n; de los cuales 48 mil 059 personas no hablan espa\u00f1ol.<\/p>\n\n\n\n<p>Por otra parte, la tambi\u00e9n vocal de la Comisi\u00f3n Permanente de Justicia y Puntos Constitucionales explic\u00f3 que en M\u00e9xico 7 mil 11 personas de los pueblos originarios est\u00e1n en prisi\u00f3n, de los cuales el 85.2 por ciento no tiene acceso a un int\u00e9rprete.<\/p>\n\n\n\n<p>\u201cDe acuerdo con la Encuesta Nacional de Personas Privadas de la Libertad de dos mil diecis\u00e9is, el 99 por ciento de las personas detenidas de los pueblos originarios termina \u00fanicamente en prisi\u00f3n preventiva, es decir, que pr\u00e1cticamente todos los ind\u00edgenas arrestados pasan su proceso en la c\u00e1rcel sin ser sentenciados\u201d, agreg\u00f3.<\/p>\n\n\n\n<p>La iniciativa fue turnada, para su an\u00e1lisis y dictamen, a las Comisiones Permanentes Unidas de Justicia y Puntos Constitucionales, de Derechos Humanos y Atenci\u00f3n a Grupos Vulnerables y de Asuntos Ind\u00edgenas y de las Comunidades Afrodescendientes. Se adhirieron las diputadas Anil\u00fa Ingram Vallines, Nora J\u00e9ssica Lagunes J\u00e1uregui e Itzel Yescas Valdivia.<\/p>\n","protected":false},"excerpt":{"rendered":"<p>*Ruth Callejas Rold\u00e1n presenta iniciativa que adicionar\u00eda el art\u00edculo 23 Bis a la Ley de Defensor\u00eda P\u00fablica del Estado de Veracruz. Xalapa, Ver.- Con la finalidad de contar con m\u00e1s mediadores y defensores p\u00fablicos biling\u00fces ind\u00edgenas en favor de la justicia para personas de pueblos originarios, la diputada Ruth Callejas Rold\u00e1n present\u00f3 a la Diputaci\u00f3n [&hellip;]<\/p>\n","protected":false},"author":1,"featured_media":24740,"comment_status":"open","ping_status":"open","sticky":false,"template":"","format":"standard","meta":{"_jetpack_memberships_contains_paid_content":false,"footnotes":""},"categories":[2],"tags":[],"class_list":["post-24739","post","type-post","status-publish","format-standard","has-post-thumbnail","hentry","category-estado"],"jetpack_featured_media_url":"https:\/\/encuentroinformativo.com.mx\/wp-content\/uploads\/2022\/03\/BB2B9298-27C9-4A49-9C0D-DFFD7320320B.jpeg","jetpack_sharing_enabled":true,"jetpack_likes_enabled":true,"amp_enabled":true,"_links":{"self":[{"href":"https:\/\/encuentroinformativo.com.mx\/index.php?rest_route=\/wp\/v2\/posts\/24739","targetHints":{"allow":["GET"]}}],"collection":[{"href":"https:\/\/encuentroinformativo.com.mx\/index.php?rest_route=\/wp\/v2\/posts"}],"about":[{"href":"https:\/\/encuentroinformativo.com.mx\/index.php?rest_route=\/wp\/v2\/types\/post"}],"author":[{"embeddable":true,"href":"https:\/\/encuentroinformativo.com.mx\/index.php?rest_route=\/wp\/v2\/users\/1"}],"replies":[{"embeddable":true,"href":"https:\/\/encuentroinformativo.com.mx\/index.php?rest_route=%2Fwp%2Fv2%2Fcomments&post=24739"}],"version-history":[{"count":1,"href":"https:\/\/encuentroinformativo.com.mx\/index.php?rest_route=\/wp\/v2\/posts\/24739\/revisions"}],"predecessor-version":[{"id":24741,"href":"https:\/\/encuentroinformativo.com.mx\/index.php?rest_route=\/wp\/v2\/posts\/24739\/revisions\/24741"}],"wp:featuredmedia":[{"embeddable":true,"href":"https:\/\/encuentroinformativo.com.mx\/index.php?rest_route=\/wp\/v2\/media\/24740"}],"wp:attachment":[{"href":"https:\/\/encuentroinformativo.com.mx\/index.php?rest_route=%2Fwp%2Fv2%2Fmedia&parent=24739"}],"wp:term":[{"taxonomy":"category","embeddable":true,"href":"https:\/\/encuentroinformativo.com.mx\/index.php?rest_route=%2Fwp%2Fv2%2Fcategories&post=24739"},{"taxonomy":"post_tag","embeddable":true,"href":"https:\/\/encuentroinformativo.com.mx\/index.php?rest_route=%2Fwp%2Fv2%2Ftags&post=24739"}],"curies":[{"name":"wp","href":"https:\/\/api.w.org\/{rel}","templated":true}]}}