{"id":2474,"date":"2020-05-12T12:19:21","date_gmt":"2020-05-12T17:19:21","guid":{"rendered":"https:\/\/encuentroinformativo.com\/?p=2474"},"modified":"2020-05-12T12:19:53","modified_gmt":"2020-05-12T17:19:53","slug":"con-protesta-ferrocarrileros-demandan-entrega-de-terreno","status":"publish","type":"post","link":"https:\/\/encuentroinformativo.com.mx\/?p=2474","title":{"rendered":"Con protesta, ferrocarrileros demandan entrega de terreno"},"content":{"rendered":"\n<p><strong>Juan Arcos<\/strong><\/p>\n\n\n\n<p>Xalapa, Ver.- Un grupo de jubilados ferrocarrileros protest\u00f3 frente a Palacio de Gobierno para exigir la entrega de un terreno de tres hect\u00e1reas en la Unidad Ferrocarrilera, pues argumentan que es de su propiedad.<\/p>\n\n\n\n<p>Beatriz Eugenia Vidal Rivera, representante legal de los ferrocarrileros, record\u00f3 que el predio ubicado sobre la calle N\u00edsperos fue cedido por el gobierno, situaci\u00f3n que qued\u00f3 plasmada en un decreto de los a\u00f1os 2015 y 2018.<\/p>\n\n\n\n<p>Sin embargo, acus\u00f3 al exdelegado de la Comisi\u00f3n para la Regularizaci\u00f3n de la Tenencia de la Tierra (CORETT), Carlos Ambrosio Y\u00e1\u00f1ez Guerrero de \u201chacer negocio\u201d con Erik Avenda\u00f1o Mijangos y Valent\u00edn Avenda\u00f1o, para apropiarse del terreno.<\/p>\n\n\n\n<p>\u201cAqu\u00ed ser\u00eda bueno que el gobierno investigara al se\u00f1or Y\u00e1\u00f1ez para ver cu\u00e1ntos negocios hizo cuando estaba en CORETT\u201d.<\/p>\n\n\n\n<p>La entrevistada record\u00f3 que el pasado 2 de mayo interpusieron una denuncia ante la Fiscal\u00eda Especializada en Combate a la Corrupci\u00f3n, luego de que intentaran suspender una obra para la colocaci\u00f3n de una valla perimetral con l\u00e1minas de zinc que delimitara la propiedad.<\/p>\n\n\n\n<p>La denuncia fue contra el director de Gobernaci\u00f3n, Juan Vergel Pacheco, y el director de Seguridad Ciudadana, Francisco Villa Campa, por clausurar la obra y derribar la valla.<\/p>\n\n\n\n<p>\u201cSe metieron ellos a querer suspender la obra y golpear a los se\u00f1ores, que todos son de la tercera edad\u201d.<\/p>\n\n\n\n<p>Vidal Rivera indic\u00f3 que los jubilados ferrocarrileros tienen la posesi\u00f3n del terreno, pues cuentan con la documentaci\u00f3n que avala la donaci\u00f3n correspondiente.<\/p>\n","protected":false},"excerpt":{"rendered":"<p>Juan Arcos Xalapa, Ver.- Un grupo de jubilados ferrocarrileros protest\u00f3 frente a Palacio de Gobierno para exigir la entrega de un terreno de tres hect\u00e1reas en la Unidad Ferrocarrilera, pues argumentan que es de su propiedad. Beatriz Eugenia Vidal Rivera, representante legal de los ferrocarrileros, record\u00f3 que el predio ubicado sobre la calle N\u00edsperos fue [&hellip;]<\/p>\n","protected":false},"author":1,"featured_media":2475,"comment_status":"open","ping_status":"open","sticky":false,"template":"","format":"standard","meta":{"_jetpack_memberships_contains_paid_content":false,"footnotes":""},"categories":[3],"tags":[],"class_list":["post-2474","post","type-post","status-publish","format-standard","has-post-thumbnail","hentry","category-xalapa"],"jetpack_featured_media_url":"https:\/\/encuentroinformativo.com.mx\/wp-content\/uploads\/2020\/05\/7B83A0E5-E4D1-4294-97FA-CFF415B2A7A9.jpeg","jetpack_sharing_enabled":true,"jetpack_likes_enabled":true,"amp_enabled":true,"_links":{"self":[{"href":"https:\/\/encuentroinformativo.com.mx\/index.php?rest_route=\/wp\/v2\/posts\/2474","targetHints":{"allow":["GET"]}}],"collection":[{"href":"https:\/\/encuentroinformativo.com.mx\/index.php?rest_route=\/wp\/v2\/posts"}],"about":[{"href":"https:\/\/encuentroinformativo.com.mx\/index.php?rest_route=\/wp\/v2\/types\/post"}],"author":[{"embeddable":true,"href":"https:\/\/encuentroinformativo.com.mx\/index.php?rest_route=\/wp\/v2\/users\/1"}],"replies":[{"embeddable":true,"href":"https:\/\/encuentroinformativo.com.mx\/index.php?rest_route=%2Fwp%2Fv2%2Fcomments&post=2474"}],"version-history":[{"count":1,"href":"https:\/\/encuentroinformativo.com.mx\/index.php?rest_route=\/wp\/v2\/posts\/2474\/revisions"}],"predecessor-version":[{"id":2476,"href":"https:\/\/encuentroinformativo.com.mx\/index.php?rest_route=\/wp\/v2\/posts\/2474\/revisions\/2476"}],"wp:featuredmedia":[{"embeddable":true,"href":"https:\/\/encuentroinformativo.com.mx\/index.php?rest_route=\/wp\/v2\/media\/2475"}],"wp:attachment":[{"href":"https:\/\/encuentroinformativo.com.mx\/index.php?rest_route=%2Fwp%2Fv2%2Fmedia&parent=2474"}],"wp:term":[{"taxonomy":"category","embeddable":true,"href":"https:\/\/encuentroinformativo.com.mx\/index.php?rest_route=%2Fwp%2Fv2%2Fcategories&post=2474"},{"taxonomy":"post_tag","embeddable":true,"href":"https:\/\/encuentroinformativo.com.mx\/index.php?rest_route=%2Fwp%2Fv2%2Ftags&post=2474"}],"curies":[{"name":"wp","href":"https:\/\/api.w.org\/{rel}","templated":true}]}}