{"id":24742,"date":"2022-03-15T15:41:01","date_gmt":"2022-03-15T21:41:01","guid":{"rendered":"https:\/\/encuentroinformativo.com.mx\/?p=24742"},"modified":"2022-03-15T15:41:05","modified_gmt":"2022-03-15T21:41:05","slug":"declararian-a-las-cabalgatas-como-patrimonio-cultural-inmaterial-del-estado","status":"publish","type":"post","link":"https:\/\/encuentroinformativo.com.mx\/?p=24742","title":{"rendered":"Declarar\u00edan a las Cabalgatas como Patrimonio Cultural Inmaterial del estado"},"content":{"rendered":"\n<p><strong>*Impulsa el diputado Ram\u00f3n D\u00edaz \u00c1vila esta denominaci\u00f3n al tratarse de una tradici\u00f3n hist\u00f3rica en la entidad.<\/strong><\/p>\n\n\n\n<p>Xalapa, Ver.- Debido a que en la entidad las cabalgatas son una tradici\u00f3n hist\u00f3rica, el diputado Ram\u00f3n D\u00edaz \u00c1vila present\u00f3 a la Diputaci\u00f3n Permanente la propuesta a fin que la LXVI Legislatura exhorte respetuosamente al Ejecutivo estatal para que, previo an\u00e1lisis, impulse y realice lo necesario ante el Consejo Estatal de Patrimonio Cultural, para la expedici\u00f3n y publicaci\u00f3n de Declaratoria de las Cabalgatas como Patrimonio Cultural Inmaterial en el estado de Veracruz.<\/p>\n\n\n\n<p>A trav\u00e9s de un Anteproyecto con Punto de Acuerdo, el legislador busca que se d\u00e9 este reconocimiento a las cabalgatas ya que \u2013consider\u00f3- forman parte de la historia mexicana que se remite a un homenaje a las y los revolucionarios, siendo un desfile de jinetes y que en Veracruz, actualmente, se realizan para conmemorar un d\u00eda festivo, patronal o aniversario de la creaci\u00f3n de alg\u00fan municipio.<\/p>\n\n\n\n<p>En su intervenci\u00f3n durante la sexta sesi\u00f3n ordinaria, el Diputado detall\u00f3 que a\u00f1os atr\u00e1s las cabalgatas eran organizadas y participaban solamente hombres y actualmente se han convertido en espacios de recreaci\u00f3n al involucrar a mujeres, ni\u00f1as y ni\u00f1os, \u201cla gente acude como espectador a observar los caballos y jinetes desfilar por las calles, volvi\u00e9ndose part\u00edcipes de estos eventos\u201d.<\/p>\n\n\n\n<p>Asimismo, precis\u00f3 que entre las caracter\u00edsticas de estas actividades es que dan inicio a algunas fiestas patronales que se realizan en la entidad y van acompa\u00f1adas por diversos espect\u00e1culos culturales como ferias gastron\u00f3micas, manifestaciones folcl\u00f3ricas o representaciones art\u00edsticas t\u00edpicas de cada regi\u00f3n donde se realizan.<\/p>\n\n\n\n<p>Se\u00f1al\u00f3 que con esto se contribuye a la generaci\u00f3n de empleos, que va desde las personas que se dedican al cuidado de los caballos, los agricultores o ganaderos que utilizan para sus actividades, productores de alimento, fabricantes de ropa vaquera y botas, m\u00e9dicos veterinarios especializados en equinos, hasta los artesanos que hacen sillas de montar, frenos y espuelas, restauranteros y comercios, entre otros.<\/p>\n\n\n\n<p>El legislador manifest\u00f3 que actualmente en el estado de Veracruz se llevan a cabo diversas cabalgatas en gran parte del territorio; ejemplific\u00f3 la denominada de la Amistad, en el municipio de Vega de Alatorre; la de Identidad Huasteca en Tuxpan y la de Tlacotalpan en honor al D\u00eda de la Candelaria, adem\u00e1s la de Mujeres del Totonacapan en Papantla, \u201ceste tipo de eventos registran gran participaci\u00f3n y son para toda la familia\u201d.<\/p>\n\n\n\n<p>Por lo anterior, el legislador se pronunci\u00f3 porque el Ejecutivo estatal, en apego a las atribuciones que le confiere la ley, realice lo necesario para que las Cabalgatas sean declaradas como Patrimonio Cultural Inmaterial del estado.<\/p>\n\n\n\n<p>Tras su lectura, se instruy\u00f3 remitir el Anteproyecto a la Junta de Coordinaci\u00f3n Pol\u00edtica (Jucopo) para el tr\u00e1mite correspondiente.<\/p>\n","protected":false},"excerpt":{"rendered":"<p>*Impulsa el diputado Ram\u00f3n D\u00edaz \u00c1vila esta denominaci\u00f3n al tratarse de una tradici\u00f3n hist\u00f3rica en la entidad. Xalapa, Ver.- Debido a que en la entidad las cabalgatas son una tradici\u00f3n hist\u00f3rica, el diputado Ram\u00f3n D\u00edaz \u00c1vila present\u00f3 a la Diputaci\u00f3n Permanente la propuesta a fin que la LXVI Legislatura exhorte respetuosamente al Ejecutivo estatal para [&hellip;]<\/p>\n","protected":false},"author":1,"featured_media":24743,"comment_status":"open","ping_status":"open","sticky":false,"template":"","format":"standard","meta":{"_jetpack_memberships_contains_paid_content":false,"footnotes":""},"categories":[2],"tags":[],"class_list":["post-24742","post","type-post","status-publish","format-standard","has-post-thumbnail","hentry","category-estado"],"jetpack_featured_media_url":"https:\/\/encuentroinformativo.com.mx\/wp-content\/uploads\/2022\/03\/5C176F88-7079-4E21-8D01-242B7A1F4939.jpeg","jetpack_sharing_enabled":true,"jetpack_likes_enabled":true,"amp_enabled":true,"_links":{"self":[{"href":"https:\/\/encuentroinformativo.com.mx\/index.php?rest_route=\/wp\/v2\/posts\/24742","targetHints":{"allow":["GET"]}}],"collection":[{"href":"https:\/\/encuentroinformativo.com.mx\/index.php?rest_route=\/wp\/v2\/posts"}],"about":[{"href":"https:\/\/encuentroinformativo.com.mx\/index.php?rest_route=\/wp\/v2\/types\/post"}],"author":[{"embeddable":true,"href":"https:\/\/encuentroinformativo.com.mx\/index.php?rest_route=\/wp\/v2\/users\/1"}],"replies":[{"embeddable":true,"href":"https:\/\/encuentroinformativo.com.mx\/index.php?rest_route=%2Fwp%2Fv2%2Fcomments&post=24742"}],"version-history":[{"count":1,"href":"https:\/\/encuentroinformativo.com.mx\/index.php?rest_route=\/wp\/v2\/posts\/24742\/revisions"}],"predecessor-version":[{"id":24744,"href":"https:\/\/encuentroinformativo.com.mx\/index.php?rest_route=\/wp\/v2\/posts\/24742\/revisions\/24744"}],"wp:featuredmedia":[{"embeddable":true,"href":"https:\/\/encuentroinformativo.com.mx\/index.php?rest_route=\/wp\/v2\/media\/24743"}],"wp:attachment":[{"href":"https:\/\/encuentroinformativo.com.mx\/index.php?rest_route=%2Fwp%2Fv2%2Fmedia&parent=24742"}],"wp:term":[{"taxonomy":"category","embeddable":true,"href":"https:\/\/encuentroinformativo.com.mx\/index.php?rest_route=%2Fwp%2Fv2%2Fcategories&post=24742"},{"taxonomy":"post_tag","embeddable":true,"href":"https:\/\/encuentroinformativo.com.mx\/index.php?rest_route=%2Fwp%2Fv2%2Ftags&post=24742"}],"curies":[{"name":"wp","href":"https:\/\/api.w.org\/{rel}","templated":true}]}}