{"id":24753,"date":"2022-03-16T09:32:28","date_gmt":"2022-03-16T15:32:28","guid":{"rendered":"https:\/\/encuentroinformativo.com.mx\/?p=24753"},"modified":"2022-03-16T09:32:31","modified_gmt":"2022-03-16T15:32:31","slug":"buscara-senador-reducir-tarifas-electricas-en-veracruz","status":"publish","type":"post","link":"https:\/\/encuentroinformativo.com.mx\/?p=24753","title":{"rendered":"Buscar\u00e1 Senador reducir tarifas el\u00e9ctricas en Veracruz"},"content":{"rendered":"\n<p><strong>Alejandro \u00c1vila<\/strong><\/p>\n\n\n\n<p>Veracruz, Ver.- Debido a las altas temperaturas que se registran en el Estado de Veracruz, y los costos que por ello se pagan a la Comisi\u00f3n Federal de Electricidad (CFE), el Senador de la Rep\u00fablica, Julen Rementer\u00eda del Puerto, solicit\u00f3 la reclasificaci\u00f3n de la tarifa el\u00e9ctrica en la entidad veracruzana.<\/p>\n\n\n\n<p>Durante la reuni\u00f3n que se tuvo con la Comisi\u00f3n de Energ\u00eda de la C\u00e1mara Alta, la representante de Campeche realiz\u00f3 la petici\u00f3n de un convenio de subsidio y as\u00ed disminuir las tarifas en su entidad; de la misma manera lo hizo el legislador veracruzano, qui\u00e9n resalt\u00f3, los altos costos son la queja constante en los 212 municipios de la demarcaci\u00f3n de Veracruz.<\/p>\n\n\n\n<p>\u201cYo solicito que tambi\u00e9n se incluya a mi estado, Veracruz, porque tiene condiciones clim\u00e1ticas similares a las de Campeche y muchas entidades del sur. La sensaci\u00f3n t\u00e9rmica es muy alta y es pr\u00e1cticamente indispensable el uso de aires acondicionados y las tarifas entonces nos clasifican en unos rangos que se pagan alt\u00edsimos en Veracruz\u201d, subray\u00f3.<\/p>\n\n\n\n<p>En caso de ser aprobado este exhorto por el pleno de la C\u00e1mara de Senadores, el gobernador, Cuitl\u00e1huac Garc\u00eda Jim\u00e9nez, tendr\u00e1 que formalizar la petici\u00f3n a CFE, para reclasificar las tarifas en el Estado de Veracruz.<\/p>\n\n\n\n<p>\u201cEsperemos que se pueda recategorizar la tarifa de energ\u00eda el\u00e9ctrica en Veracruz y con ello se logre que la gente pague menos, porque el incremento y las altas las tarifas afecta a todos y si se aprueba esto, beneficiar\u00e1 a todos los veracruzanos en general a quienes tienen tarifa dom\u00e9stica y comercial\u201d, finaliz\u00f3.<\/p>\n","protected":false},"excerpt":{"rendered":"<p>Alejandro \u00c1vila Veracruz, Ver.- Debido a las altas temperaturas que se registran en el Estado de Veracruz, y los costos que por ello se pagan a la Comisi\u00f3n Federal de Electricidad (CFE), el Senador de la Rep\u00fablica, Julen Rementer\u00eda del Puerto, solicit\u00f3 la reclasificaci\u00f3n de la tarifa el\u00e9ctrica en la entidad veracruzana. Durante la reuni\u00f3n [&hellip;]<\/p>\n","protected":false},"author":1,"featured_media":24754,"comment_status":"open","ping_status":"open","sticky":false,"template":"","format":"standard","meta":{"_jetpack_memberships_contains_paid_content":false,"footnotes":""},"categories":[2],"tags":[],"class_list":["post-24753","post","type-post","status-publish","format-standard","has-post-thumbnail","hentry","category-estado"],"jetpack_featured_media_url":"https:\/\/encuentroinformativo.com.mx\/wp-content\/uploads\/2022\/03\/A5C110BD-89D9-4D63-9336-A788831AA5F9.jpeg","jetpack_sharing_enabled":true,"jetpack_likes_enabled":true,"amp_enabled":true,"_links":{"self":[{"href":"https:\/\/encuentroinformativo.com.mx\/index.php?rest_route=\/wp\/v2\/posts\/24753","targetHints":{"allow":["GET"]}}],"collection":[{"href":"https:\/\/encuentroinformativo.com.mx\/index.php?rest_route=\/wp\/v2\/posts"}],"about":[{"href":"https:\/\/encuentroinformativo.com.mx\/index.php?rest_route=\/wp\/v2\/types\/post"}],"author":[{"embeddable":true,"href":"https:\/\/encuentroinformativo.com.mx\/index.php?rest_route=\/wp\/v2\/users\/1"}],"replies":[{"embeddable":true,"href":"https:\/\/encuentroinformativo.com.mx\/index.php?rest_route=%2Fwp%2Fv2%2Fcomments&post=24753"}],"version-history":[{"count":1,"href":"https:\/\/encuentroinformativo.com.mx\/index.php?rest_route=\/wp\/v2\/posts\/24753\/revisions"}],"predecessor-version":[{"id":24755,"href":"https:\/\/encuentroinformativo.com.mx\/index.php?rest_route=\/wp\/v2\/posts\/24753\/revisions\/24755"}],"wp:featuredmedia":[{"embeddable":true,"href":"https:\/\/encuentroinformativo.com.mx\/index.php?rest_route=\/wp\/v2\/media\/24754"}],"wp:attachment":[{"href":"https:\/\/encuentroinformativo.com.mx\/index.php?rest_route=%2Fwp%2Fv2%2Fmedia&parent=24753"}],"wp:term":[{"taxonomy":"category","embeddable":true,"href":"https:\/\/encuentroinformativo.com.mx\/index.php?rest_route=%2Fwp%2Fv2%2Fcategories&post=24753"},{"taxonomy":"post_tag","embeddable":true,"href":"https:\/\/encuentroinformativo.com.mx\/index.php?rest_route=%2Fwp%2Fv2%2Ftags&post=24753"}],"curies":[{"name":"wp","href":"https:\/\/api.w.org\/{rel}","templated":true}]}}